{"id":26245,"date":"2016-03-18T20:29:04","date_gmt":"2016-03-19T01:29:04","guid":{"rendered":"http:\/\/contraluzcucuta.co\/?p=26245"},"modified":"2016-03-20T16:21:01","modified_gmt":"2016-03-20T21:21:01","slug":"necrologia-fabio-fandino-paz-en-la-tumba","status":"publish","type":"post","link":"https:\/\/contraluzcucuta.co\/?p=26245","title":{"rendered":"NECROLOG\u00cdA. Fabio Fandi\u00f1o, periodista, historiador y catedr\u00e1tico"},"content":{"rendered":"<p><strong>C\u00daCUTA.-<\/strong> La sorpresa fue mayor al conocer el fallecimiento del periodista Fabio Fandi\u00f1o. Hace un par de a\u00f1os lleg\u00f3 a La Opini\u00f3n para cumplir la funci\u00f3n de editor de \u00e1reas, especialmente la pol\u00edtica. La pasi\u00f3n por la docencia lo devolvi\u00f3 a C\u00facuta, en esta oportunidad para vincularse a la Universidad de Pamplona.<\/p>\n<p>Duele ver partir a alguien que tiene vida para vivir y conocimientos para compartir. Desde este rinc\u00f3n lamentamos, y de verdad, la muerte de Fabio. Al partir de esa manera repentina qued\u00f3 en deuda con los alumnos de Redacci\u00f3n y de Prensa, que estaban ilusionados con su manera de ense\u00f1ar esas c\u00e1tedras.<\/p>\n<p>A los amigos les brind\u00f3 un espacio para hablar de pol\u00edtica, econom\u00eda, el acontecer del pa\u00eds \u00a0y la vida de la ciudad. Quienes alcanzaron a disfrutar de sus ense\u00f1anzas deben sentirse agradecidos. Y aquellos que no compartieron sus ideas sigan por ese camino, Fabio no era rencoroso. \u00a0Hoy, el sentimiento es de desaz\u00f3n, porque la vida castiga con la muerte.<\/p>\n<p>Ten\u00eda 56 a\u00f1os. Un infarto lo arrebat\u00f3 de este mundo, en Bogot\u00e1. El \u00faltimo empleo, antes de llegar a la Universidad de Pamplona, lo cumpli\u00f3 en el \u00a0Canal Capital. Se estren\u00f3 como periodista en la Agencia Nacional de Noticias Colprensa, pas\u00f3 a El Espectador, Canal Caracol y La Opini\u00f3n. En la academia estuvo en las universidades Central, Jorge Tadeo Lozano y Externado.<\/p>\n<p>Hab\u00eda nacido en \u00a0Pacho (Cundinamarca). Era el cuarto hijo de una familia de ocho hermanos. Al graduase como bachiller viaj\u00f3 a Bogot\u00e1 y estudi\u00f3 comunicaci\u00f3n social y periodismo en la Universidad de la Sabana. Tambi\u00e9n, estudi\u00f3 historia de Colombia en la Universidad Tecnol\u00f3gica de Boyac\u00e1. Deja una hija de 14 a\u00f1os del matrimonio con la periodista M\u00f3nica Roa.<\/p>\n<p>El 18 de marzo, regres\u00f3 a Bogot\u00e1 con el \u00e1nimo de pasar la Semana Santa. Al \u00a0sentir una dolencia en el pecho acudi\u00f3 a una cl\u00ednica del norte de la ciudad. En el centro de atenci\u00f3n m\u00e9dica falleci\u00f3.<\/p>\n<p>Fandi\u00f1o, paz en la tumba.<\/p>\n<p><strong>Foto: MIGUEL PALACIOS\u00a0<\/strong><\/p>\n<p>&nbsp; <\/p>\n","protected":false},"excerpt":{"rendered":"<p>C\u00daCUTA.- La sorpresa fue mayor al conocer el fallecimiento del periodista Fabio Fandi\u00f1o. Hace un par de a\u00f1os lleg\u00f3 a La Opini\u00f3n para cumplir la funci\u00f3n de editor de \u00e1reas, especialmente la pol\u00edtica. La pasi\u00f3n por la docencia lo devolvi\u00f3 a C\u00facuta, en esta oportunidad para vincularse a la Universidad de Pamplona. Duele ver partir &hellip;<\/p>\n","protected":false},"author":1,"featured_media":26251,"comment_status":"open","ping_status":"open","sticky":false,"template":"","format":"standard","meta":{"footnotes":""},"categories":[74,1967,9],"tags":[2808],"class_list":["post-26245","post","type-post","status-publish","format-standard","has-post-thumbnail","hentry","category-aula-universitaria","category-necrologias","category-politica","tag-fabio-fandino"],"_links":{"self":[{"href":"https:\/\/contraluzcucuta.co\/index.php?rest_route=\/wp\/v2\/posts\/26245","targetHints":{"allow":["GET"]}}],"collection":[{"href":"https:\/\/contraluzcucuta.co\/index.php?rest_route=\/wp\/v2\/posts"}],"about":[{"href":"https:\/\/contraluzcucuta.co\/index.php?rest_route=\/wp\/v2\/types\/post"}],"author":[{"embeddable":true,"href":"https:\/\/contraluzcucuta.co\/index.php?rest_route=\/wp\/v2\/users\/1"}],"replies":[{"embeddable":true,"href":"https:\/\/contraluzcucuta.co\/index.php?rest_route=%2Fwp%2Fv2%2Fcomments&post=26245"}],"version-history":[{"count":3,"href":"https:\/\/contraluzcucuta.co\/index.php?rest_route=\/wp\/v2\/posts\/26245\/revisions"}],"predecessor-version":[{"id":26254,"href":"https:\/\/contraluzcucuta.co\/index.php?rest_route=\/wp\/v2\/posts\/26245\/revisions\/26254"}],"wp:featuredmedia":[{"embeddable":true,"href":"https:\/\/contraluzcucuta.co\/index.php?rest_route=\/wp\/v2\/media\/26251"}],"wp:attachment":[{"href":"https:\/\/contraluzcucuta.co\/index.php?rest_route=%2Fwp%2Fv2%2Fmedia&parent=26245"}],"wp:term":[{"taxonomy":"category","embeddable":true,"href":"https:\/\/contraluzcucuta.co\/index.php?rest_route=%2Fwp%2Fv2%2Fcategories&post=26245"},{"taxonomy":"post_tag","embeddable":true,"href":"https:\/\/contraluzcucuta.co\/index.php?rest_route=%2Fwp%2Fv2%2Ftags&post=26245"}],"curies":[{"name":"wp","href":"https:\/\/api.w.org\/{rel}","templated":true}]}}