{"id":26226,"date":"2016-03-16T21:35:54","date_gmt":"2016-03-17T02:35:54","guid":{"rendered":"http:\/\/contraluzcucuta.co\/?p=26226"},"modified":"2016-03-18T20:34:00","modified_gmt":"2016-03-19T01:34:00","slug":"mesa-sectorial-jovenes-revelan-problemas-que-los-mortifican","status":"publish","type":"post","link":"https:\/\/contraluzcucuta.co\/?p=26226","title":{"rendered":"MESA SECTORIAL. J\u00f3venes revelan problemas que los mortifican"},"content":{"rendered":"<p><strong>C\u00daCUTA.-<\/strong> Los problemas que m\u00e1s golpean a los j\u00f3venes en Norte de Santander son el consumo de drogas, el embarazo en adolescentes, la violencia intrafamiliar, el abuso sexual, el reclutamiento forzado, las pocas oportunidades laborales y el dif\u00edcil acceso a la educaci\u00f3n superior.<\/p>\n<p>El an\u00e1lisis se hizo en la Mesa Sectorial de Primera Infancia, Infancia, Adolescencia y Juventud, organizada por la Gobernaci\u00f3n. Voceros de la poblaci\u00f3n juvenil propusieron a la administraci\u00f3n departamental la creaci\u00f3n de la Subsecretar\u00eda de la Juventud. La propuesta qued\u00f3 consignada en la Secretar\u00eda de Desarrollo Social y el despacho de la gestora social.<\/p>\n<p>Se considera que en el departamento hay 390.000 j\u00f3venes. La oficina solicitada es catalogada como espacio necesario para coordinar acciones en beneficio de la poblaci\u00f3n. Se requiere apoyo oficial para afrontar y superar marcados problemas que los aquejan.<\/p>\n<p>La Secretar\u00eda de Desarrollo Social mostr\u00f3 los resultados obtenidos en los seis encuentros subregionales. Destacan las principales afectaciones que tienen los j\u00f3venes de la regi\u00f3n, por lo que la Gobernaci\u00f3n plante\u00f3 trabajar para mejorar las condiciones de vida.<\/p>\n<p>\u201cTendremos en cuenta la solicitud en el Plan de Desarrollo\u201d, les respondi\u00f3 el gobernador William Villamizar. Anunci\u00f3 la conformaci\u00f3n de cuatro Consejos Municipales de Juventud, en los que se aplicar\u00e1 la pol\u00edtica p\u00fablica. En los grupos de trabajo se tendr\u00e1 en cuenta a los j\u00f3venes en condici\u00f3n de discapacidad y de las etnias.<\/p>\n<p>\u201cHoy, hay j\u00f3venes que tienen una mayor concepci\u00f3n de las situaciones, presentan propuestas, \u00a0las lideran y las exponen. Ellos har\u00e1n posible la trasformaci\u00f3n del departamento en t\u00e9rminos gratamente positivos\u201d, dijo Villamizar Laguado.<\/p>\n<p>La gestora social Cecilia Soler hizo un llamado a trabajar en equipo a todas las entidades para contrarrestar los \u00a0problemas sociales que afrontan ni\u00f1os, adolescentes y j\u00f3venes del departamento. En los encuentros subregionales alcaldes, autoridades y adolescentes revelaron los problemas que los aquejan. \u201cEsas mismas situaciones las he denunciado, porque debemos aunar esfuerzos en pro de cada uno de ellos\u201d.<\/p>\n<p>En Norte de Santander hay insumos y lineamientos para crear ejes tem\u00e1ticos para la construcci\u00f3n del Plan de Desarrollo Departamental, cuyo enfoque es mejorar la calidad de vida de los menores de edad \u00a0nortesantandereanos. \u201cVamos a trabajar en equipo, porque cada uno tiene las herramientas para desarrollar los programas, pero solo lo podemos hacer juntos, logrando mejores resultados,\u201d puntualiz\u00f3 Cecilia Soler.<\/p>\n<p>La Mesa Sectorial se fortaleci\u00f3 con autoridades civiles, militares, judiciales, Bienestar Familiar, Agencia Nacional para la Superaci\u00f3n de la Pobreza (Anspe), fundaciones y colectivos de j\u00f3venes de la regi\u00f3n.<\/p>\n<p><strong>Foto: PRENSA \u2013 GOBERNACI\u00d3N<\/strong><\/p>\n<p>&nbsp; <\/p>\n","protected":false},"excerpt":{"rendered":"<p>C\u00daCUTA.- Los problemas que m\u00e1s golpean a los j\u00f3venes en Norte de Santander son el consumo de drogas, el embarazo en adolescentes, la violencia intrafamiliar, el abuso sexual, el reclutamiento forzado, las pocas oportunidades laborales y el dif\u00edcil acceso a la educaci\u00f3n superior. El an\u00e1lisis se hizo en la Mesa Sectorial de Primera Infancia, Infancia, &hellip;<\/p>\n","protected":false},"author":1,"featured_media":26227,"comment_status":"open","ping_status":"open","sticky":false,"template":"","format":"standard","meta":{"footnotes":""},"categories":[556,2630,36],"tags":[2800,2805],"class_list":["post-26226","post","type-post","status-publish","format-standard","has-post-thumbnail","hentry","category-departamento","category-gobernacion","category-la-voz-del-pueblo","tag-gobernador-william-villamizar","tag-jovenes-de-norte-de-santander"],"_links":{"self":[{"href":"https:\/\/contraluzcucuta.co\/index.php?rest_route=\/wp\/v2\/posts\/26226","targetHints":{"allow":["GET"]}}],"collection":[{"href":"https:\/\/contraluzcucuta.co\/index.php?rest_route=\/wp\/v2\/posts"}],"about":[{"href":"https:\/\/contraluzcucuta.co\/index.php?rest_route=\/wp\/v2\/types\/post"}],"author":[{"embeddable":true,"href":"https:\/\/contraluzcucuta.co\/index.php?rest_route=\/wp\/v2\/users\/1"}],"replies":[{"embeddable":true,"href":"https:\/\/contraluzcucuta.co\/index.php?rest_route=%2Fwp%2Fv2%2Fcomments&post=26226"}],"version-history":[{"count":1,"href":"https:\/\/contraluzcucuta.co\/index.php?rest_route=\/wp\/v2\/posts\/26226\/revisions"}],"predecessor-version":[{"id":26228,"href":"https:\/\/contraluzcucuta.co\/index.php?rest_route=\/wp\/v2\/posts\/26226\/revisions\/26228"}],"wp:featuredmedia":[{"embeddable":true,"href":"https:\/\/contraluzcucuta.co\/index.php?rest_route=\/wp\/v2\/media\/26227"}],"wp:attachment":[{"href":"https:\/\/contraluzcucuta.co\/index.php?rest_route=%2Fwp%2Fv2%2Fmedia&parent=26226"}],"wp:term":[{"taxonomy":"category","embeddable":true,"href":"https:\/\/contraluzcucuta.co\/index.php?rest_route=%2Fwp%2Fv2%2Fcategories&post=26226"},{"taxonomy":"post_tag","embeddable":true,"href":"https:\/\/contraluzcucuta.co\/index.php?rest_route=%2Fwp%2Fv2%2Ftags&post=26226"}],"curies":[{"name":"wp","href":"https:\/\/api.w.org\/{rel}","templated":true}]}}