{"id":26196,"date":"2016-03-12T16:17:51","date_gmt":"2016-03-12T21:17:51","guid":{"rendered":"http:\/\/contraluzcucuta.co\/?p=26196"},"modified":"2016-03-16T10:02:16","modified_gmt":"2016-03-16T15:02:16","slug":"fenomeno-de-el-nino-cerrados-siete-lavaderos-por-desperdicio-de-agua-potable","status":"publish","type":"post","link":"https:\/\/contraluzcucuta.co\/?p=26196","title":{"rendered":"FEN\u00d3MENO DE EL NI\u00d1O. Cerrados siete lavaderos por desperdicio de agua potable"},"content":{"rendered":"<p><strong>C\u00daCUTA.-<\/strong> El Fen\u00f3meno de El Ni\u00f1o ha hecho cambiar las costumbres de los cucute\u00f1os en muchos aspectos. Los propietarios de veh\u00edculos que acostumbraban a lavarlos cada cierto tiempo deben someterse a las condiciones implementadas por las autoridades ambientales. El ahorro de agua es la prioridad en estos momentos.<\/p>\n<p>En los \u00faltimos d\u00edas, la Polic\u00eda Metropolitana y las entidades ambientales y de control han adelantado acciones para neutralizar el desperdicio del agua potable. La medida de protecci\u00f3n del l\u00edquido vital llev\u00f3 a la inspecci\u00f3n de 11 lavaderos. Siete fueron cerrados por diferentes irregularidades<\/p>\n<p>Los controles buscan evitar que hagan uso indebido del agua potable y que el servicio p\u00fablico se \u00a0cumpla con la normatividad establecida. En la ejecuci\u00f3n del plan interinstitucional participaron el Grupo de Protecci\u00f3n Ambiental y Ecol\u00f3gica (Gupae) de la Mecuc y funcionarios de la Secretar\u00eda de Gobierno Municipal, Aguas Kpital, la Corporaci\u00f3n Aut\u00f3noma Regional de la Frontera Nororiental (Corponor), Gesti\u00f3n del Riesgo y Planeaci\u00f3n Municipal.<\/p>\n<p>Los lavaderos sometidos a la revisi\u00f3n funcionan en los barrios Ceiba II, Sevilla, Motilones, San Luis y La Libertad. Dos locales se cerraron definitivamente por las siguientes anomal\u00edas:<\/p>\n<p>1.- No presentar los documentos que acreditaran la concesi\u00f3n de aprovechamiento de aguas subterr\u00e1neas y el vertimiento del agua contaminada.<\/p>\n<p>2.- Falta de los dos permisos reglamentarios<\/p>\n<p>3.- Daban uso indebido del agua potable. Las muestras arrojaron como resultado el uso del l\u00edquido en el lavado de veh\u00edculos.<\/p>\n<p>Los otros cinco lavaderos tendr\u00e1n un cierre temporal y deber\u00e1n adelantar los tr\u00e1mites necesarios para subsanar las irregularidades presentadas en la documentaci\u00f3n. Los cerrados definitivamente tendr\u00e1n que presentar la totalidad de documentos ante Corponor. Se suspendi\u00f3 una obra que se ejecutaba en uno establecimientos, por no presentar\u00a0 licencia de construcci\u00f3n.<\/p>\n<p>La jornada de ahorro de agua es liderada por la Alcald\u00eda de C\u00facuta y Aguas Kpital para evitar el desperdicio en esta \u00e9poca de sequ\u00eda. La administraci\u00f3n municipal\u00a0 pidi\u00f3 a la comunidad a vincularse\u00a0 a la campa\u00f1a de sensibilizaci\u00f3n y manejo responsable.<\/p>\n<p><strong>Foto: PRENSA MECUC<\/strong> <\/p>\n","protected":false},"excerpt":{"rendered":"<p>C\u00daCUTA.- El Fen\u00f3meno de El Ni\u00f1o ha hecho cambiar las costumbres de los cucute\u00f1os en muchos aspectos. Los propietarios de veh\u00edculos que acostumbraban a lavarlos cada cierto tiempo deben someterse a las condiciones implementadas por las autoridades ambientales. El ahorro de agua es la prioridad en estos momentos. En los \u00faltimos d\u00edas, la Polic\u00eda Metropolitana &hellip;<\/p>\n","protected":false},"author":1,"featured_media":26197,"comment_status":"open","ping_status":"open","sticky":false,"template":"","format":"standard","meta":{"footnotes":""},"categories":[2625,347,6],"tags":[226,2798,40],"class_list":["post-26196","post","type-post","status-publish","format-standard","has-post-thumbnail","hentry","category-alcaldia-de-cucuta","category-medio-ambiente","category-ojo-avizor","tag-alcaldia-de-cucuta","tag-lavaderos-de-carros","tag-rio-pamplonita"],"_links":{"self":[{"href":"https:\/\/contraluzcucuta.co\/index.php?rest_route=\/wp\/v2\/posts\/26196","targetHints":{"allow":["GET"]}}],"collection":[{"href":"https:\/\/contraluzcucuta.co\/index.php?rest_route=\/wp\/v2\/posts"}],"about":[{"href":"https:\/\/contraluzcucuta.co\/index.php?rest_route=\/wp\/v2\/types\/post"}],"author":[{"embeddable":true,"href":"https:\/\/contraluzcucuta.co\/index.php?rest_route=\/wp\/v2\/users\/1"}],"replies":[{"embeddable":true,"href":"https:\/\/contraluzcucuta.co\/index.php?rest_route=%2Fwp%2Fv2%2Fcomments&post=26196"}],"version-history":[{"count":1,"href":"https:\/\/contraluzcucuta.co\/index.php?rest_route=\/wp\/v2\/posts\/26196\/revisions"}],"predecessor-version":[{"id":26198,"href":"https:\/\/contraluzcucuta.co\/index.php?rest_route=\/wp\/v2\/posts\/26196\/revisions\/26198"}],"wp:featuredmedia":[{"embeddable":true,"href":"https:\/\/contraluzcucuta.co\/index.php?rest_route=\/wp\/v2\/media\/26197"}],"wp:attachment":[{"href":"https:\/\/contraluzcucuta.co\/index.php?rest_route=%2Fwp%2Fv2%2Fmedia&parent=26196"}],"wp:term":[{"taxonomy":"category","embeddable":true,"href":"https:\/\/contraluzcucuta.co\/index.php?rest_route=%2Fwp%2Fv2%2Fcategories&post=26196"},{"taxonomy":"post_tag","embeddable":true,"href":"https:\/\/contraluzcucuta.co\/index.php?rest_route=%2Fwp%2Fv2%2Ftags&post=26196"}],"curies":[{"name":"wp","href":"https:\/\/api.w.org\/{rel}","templated":true}]}}