{"id":26193,"date":"2016-03-12T16:14:52","date_gmt":"2016-03-12T21:14:52","guid":{"rendered":"http:\/\/contraluzcucuta.co\/?p=26193"},"modified":"2016-03-16T09:44:26","modified_gmt":"2016-03-16T14:44:26","slug":"mesa-tematica-ambiental-sanciones-para-quienes-malgasten-el-agua","status":"publish","type":"post","link":"https:\/\/contraluzcucuta.co\/?p=26193","title":{"rendered":"MESA TEM\u00c1TICA AMBIENTAL. Sanciones para quienes malgasten el agua"},"content":{"rendered":"<p><strong>VILLA DEL ROSARIO<\/strong> <strong>\u2013 Norte de Santander.-<\/strong> El calentamiento global, los efectos del Fen\u00f3meno de El Ni\u00f1o y el cuidado de las cuencas h\u00eddricas del departamento son las mayores preocupaciones analizadas en la Primera Mesa Tem\u00e1tica del Medio Ambiente.<\/p>\n<p>Las caracter\u00edsticas ambientales son prioridad para la construcci\u00f3n del Plan de Desarrollo Departamental, y se convierten en asuntos de an\u00e1lisis de autoridades, entidades y comunidad.<\/p>\n<p>Representantes del Ministerio del Medio Ambiente, Corponor y ONG y manifestaron preocupaci\u00f3n por el cuidado del agua y el uso de las energ\u00edas renovables. El gobierno departamental tiene el \u00e1nimo de adquirir cuencas y \u00e1reas estrat\u00e9gicas para cuidarlas y forestarlas.<\/p>\n<p>El objetivo es avanzar en el cuidado de los cauces, no permitir desv\u00edos de agua y aplicar normas y correctivos para quienes la malgasten. \u201cSomos amigos de la naturaleza y queremos ver un departamento verde\u201d, dijo el gobernador William Villamizar.<\/p>\n<p>Entre los hechos destacados de la reuni\u00f3n est\u00e1n:<\/p>\n<p>1.- Simb\u00f3licamente, los asistentes a la Mesa recibieron una planta de durante para invitarlos a cuidar el planeta y a evitar el calentamiento global.<\/p>\n<p>2.- La administraci\u00f3n departamental se comprometi\u00f3 a cuidar las cuencas de los r\u00edos Zulia, Pamplonita y Algodonal.<\/p>\n<p>3.- La Gobernaci\u00f3n entregar\u00e1 16 carros tanques para el suministro de agua en 16 municipios.<\/p>\n<p>4.- La productividad, misi\u00f3n bandera del departamento, ha tenido altibajos con las sequ\u00edas de El Ni\u00f1o, que han dejado a los campesinos con cultivos est\u00e9riles.<\/p>\n<p>5.- El Catatumbo puede ser piloto en la ejecuci\u00f3n de planes ambientales\u00a0 a partir del posconflicto.<\/p>\n<p>6.- El mensaje es el compromiso de articular y unificar esfuerzos por el medio ambiente<\/p>\n<p>7.- El prop\u00f3sito es crear conciencia desde el sector p\u00fablico para fortalecer el departamento y su coraza vegetativa.<\/p>\n<p>El director de Corponor, Gregorio Angarita, mostr\u00f3 expectativa por el apoyo que el Gobierno aportar\u00e1. La primera muestra, dijo, es haber delegado a Claudia Arias como representante del Ministerio del Medio Ambiente y a Gilberto \u00c1lvarez como gerente del P\u00e1ramo de Santurb\u00e1n.<\/p>\n<p>\u201cEl Gobierno Nacional ha dado a conocer que los departamentos tendremos dividendos para el sector del medio ambiente\u201d, concluy\u00f3 Angarita Lamk.<\/p>\n<p><strong>JUAN CARLOS CASTA\u00d1EDA<\/strong><\/p>\n<p><strong>Foto: ALDAIR SALAZAR<\/strong><\/p>\n<p>&nbsp; <\/p>\n","protected":false},"excerpt":{"rendered":"<p>VILLA DEL ROSARIO \u2013 Norte de Santander.- El calentamiento global, los efectos del Fen\u00f3meno de El Ni\u00f1o y el cuidado de las cuencas h\u00eddricas del departamento son las mayores preocupaciones analizadas en la Primera Mesa Tem\u00e1tica del Medio Ambiente. Las caracter\u00edsticas ambientales son prioridad para la construcci\u00f3n del Plan de Desarrollo Departamental, y se convierten &hellip;<\/p>\n","protected":false},"author":1,"featured_media":26194,"comment_status":"open","ping_status":"open","sticky":false,"template":"","format":"standard","meta":{"footnotes":""},"categories":[2630,347,32],"tags":[560,2799],"class_list":["post-26193","post","type-post","status-publish","format-standard","has-post-thumbnail","hentry","category-gobernacion","category-medio-ambiente","category-recorrido-por-la-region","tag-medio-ambiente-2","tag-mesa-tematica-ambiental"],"_links":{"self":[{"href":"https:\/\/contraluzcucuta.co\/index.php?rest_route=\/wp\/v2\/posts\/26193","targetHints":{"allow":["GET"]}}],"collection":[{"href":"https:\/\/contraluzcucuta.co\/index.php?rest_route=\/wp\/v2\/posts"}],"about":[{"href":"https:\/\/contraluzcucuta.co\/index.php?rest_route=\/wp\/v2\/types\/post"}],"author":[{"embeddable":true,"href":"https:\/\/contraluzcucuta.co\/index.php?rest_route=\/wp\/v2\/users\/1"}],"replies":[{"embeddable":true,"href":"https:\/\/contraluzcucuta.co\/index.php?rest_route=%2Fwp%2Fv2%2Fcomments&post=26193"}],"version-history":[{"count":1,"href":"https:\/\/contraluzcucuta.co\/index.php?rest_route=\/wp\/v2\/posts\/26193\/revisions"}],"predecessor-version":[{"id":26195,"href":"https:\/\/contraluzcucuta.co\/index.php?rest_route=\/wp\/v2\/posts\/26193\/revisions\/26195"}],"wp:featuredmedia":[{"embeddable":true,"href":"https:\/\/contraluzcucuta.co\/index.php?rest_route=\/wp\/v2\/media\/26194"}],"wp:attachment":[{"href":"https:\/\/contraluzcucuta.co\/index.php?rest_route=%2Fwp%2Fv2%2Fmedia&parent=26193"}],"wp:term":[{"taxonomy":"category","embeddable":true,"href":"https:\/\/contraluzcucuta.co\/index.php?rest_route=%2Fwp%2Fv2%2Fcategories&post=26193"},{"taxonomy":"post_tag","embeddable":true,"href":"https:\/\/contraluzcucuta.co\/index.php?rest_route=%2Fwp%2Fv2%2Ftags&post=26193"}],"curies":[{"name":"wp","href":"https:\/\/api.w.org\/{rel}","templated":true}]}}