{"id":26189,"date":"2016-03-08T22:29:16","date_gmt":"2016-03-09T03:29:16","guid":{"rendered":"http:\/\/contraluzcucuta.co\/?p=26189"},"modified":"2016-03-13T11:05:13","modified_gmt":"2016-03-13T16:05:13","slug":"daniela-y-mayra-entre-nosotras-las-mujeres-nos-discriminamos","status":"publish","type":"post","link":"https:\/\/contraluzcucuta.co\/?p=26189","title":{"rendered":"DANIELA Y MAYRA. \u00a0\u00a0\u201cEntre nosotras, las mujeres, nos discriminamos\u201d"},"content":{"rendered":"<p><strong>C\u00daCUTA.-<\/strong> Daniela naci\u00f3 hombre y ahora es mujer. Mayra naci\u00f3 mujer y ha parido dos hijos. Las dos hacen parte de la galer\u00eda fotogr\u00e1fica que mont\u00f3 la Defensor\u00eda del Pueblo, regional Norte de Santander, con ocasi\u00f3n del D\u00eda Internacional de la Mujer. El objetivo es hacer un ejercicio pedag\u00f3gico con la mujer diversa e incluyente.<\/p>\n<p>\u201cAntes \u00e9ramos hombres y no nos celebraban el D\u00eda de la Mujer; ahora que somos mujeres, por nuestra identidad de g\u00e9nero o por nuestra orientaci\u00f3n, nos celebran el d\u00eda\u201d. El mensaje le lleg\u00f3, a primera hora del 8 de marzo, a Daniela. Lo ley\u00f3, reflexion\u00f3 \u00a0y entendi\u00f3 el contenido.<\/p>\n<p>Mayra es madre cabeza de hogar orgullosa, porque en dos ocasiones tuvo que ponerse los pantalones y hacerle frente al mundo. \u201cA nosotras no nos<\/p>\n<p>toca la elecci\u00f3n de si ser\u00e1 que es el momento o no. Es salir d\u00eda a d\u00eda para buscar el sustento de los hijos\u201d. A ese alimento que propende a cada hora le suma el deseo de ver a sus ni\u00f1os crecer, educarse y ser profesionales.<\/p>\n<p>Las dos, desde sus puntos de vista, mostraron agradecimiento con la Defensor\u00eda por la actividad y porque \u201cnos est\u00e1n incluyendo, lentamente, pero estamos en la lucha\u201d, dijo Daniela. En otros momentos, quiz\u00e1s, nunca pensar\u00edan que las incluir\u00edan en una fiesta, en un centro comercial y en una celebraci\u00f3n como la de este martes.<\/p>\n<p>Las transgeneristas conformaron la asociaci\u00f3n departamental para luchar por los derechos y por la inclusi\u00f3n social, laboral y educativa. En especial, para que \u201cnos vean como las mujeres que somos, que no nos vean por nuestra genitalidad, sino por nuestra identidad\u201d.<\/p>\n<p>Daniela y Mayra tienen una caracter\u00edstica en com\u00fan. Cada una, en escenarios distintos, se siente discriminada por la sociedad. \u201cSiendo una mujer \u2018trans\u2019, visiblemente abierta desde los 18 a\u00f1os, a\u00fan me siento discriminada, por la falta de cultura de la gente\u201d.<\/p>\n<p>Mayra tambi\u00e9n v\u00edctima de la violencia, otra condici\u00f3n que hace que sus semejantes la miren diferente. \u201cEntre nosotras las mujeres nos discriminamos\u201d. Y esos reproches a veces est\u00e1n cifrados por no llevar una camisa, un pantal\u00f3n o unos zapatos de marca. Aunque esas desatenciones no la hacen verse humillada. \u201cEl que discrimina es ignorante\u201d.<\/p>\n<p>Daniela, en cambio, s\u00ed ha sido humillada. Culpa directamente, sin tapujos, a la Polic\u00eda como una de las instituciones m\u00e1s fuertes en materia de discriminaci\u00f3n y estigmatizaci\u00f3n. Reconoci\u00f3 que han hecho un trabajo de acercamiento, pero falta mucho por dar la polic\u00eda.<\/p>\n<p>\u201cEs dif\u00edcil cambiarle el concepto o el pensamiento a una persona que trae eso desde el hogar. Ahora la ley nos apoya, tenemos una cantidad de normas que nos protegen\u201d, lo dijo con un aire de frescura, aunque por dentro lleva esa procesi\u00f3n de nunca acabar.<\/p>\n<p>Para Daniela es importante que la sociedad aprenda a verlas como a cualquiera del com\u00fan. El sufrimiento las lleva a padecer depresi\u00f3n y a tener s\u00edntomas suicidas debido a la discriminaci\u00f3n. \u201cA veces la mujer \u2018trans\u2019 prefiere no visibilizarse. Son como las lechuzas, duermen de d\u00eda y salen de noche\u201d.<\/p>\n<p>Mayra, para no quedarse los puestos de atr\u00e1s que asigna a su antojo la sociedad, se ha preparado acad\u00e9micamente. Acaba de terminar una tecnolog\u00eda de econom\u00eda y finanzas. Est\u00e1 segura de que \u201cla ropa no viste al santo\u201d. Su estilo de vida es dar amor y cari\u00f1o.<\/p>\n<p>Daniela en ning\u00fan momento ha sentido verg\u00fcenza por su condici\u00f3n. \u201cDesde que descubr\u00ed mi identidad y orientaci\u00f3n se lo hice saber a mi familia. No me arrepiento de ser lo que soy, vivo feliz, vivo abiertamente, no temo a prejuicios, ni al qu\u00e9 dir\u00e1n. Me siento plena. Vivo mi vida como una mujer heterosexual\u201d.<\/p>\n<p>La galer\u00eda fotogr\u00e1fica, planificada por el defensor regional del pueblo Benito Bonilla, la completan una ind\u00edgena, una defensora de derechos humanos, una afrodescendiente, una gitana y una mujer com\u00fan.<\/p>\n<p><strong>RAFAEL ANTONIO PAB\u00d3N <\/strong><\/p>\n<p><strong><a href=\"mailto:rafaelpabon58@hotmail.com\">rafaelpabon58@hotmail.com<\/a><\/strong><\/p>\n<p><strong>Foto: <a href=\"http:\/\/www.contraluzcucuta.co\">www.contraluzcucuta.co<\/a><\/strong><\/p>\n<p>&nbsp;<\/p>\n<p>&nbsp; <\/p>\n","protected":false},"excerpt":{"rendered":"<p>C\u00daCUTA.- Daniela naci\u00f3 hombre y ahora es mujer. Mayra naci\u00f3 mujer y ha parido dos hijos. Las dos hacen parte de la galer\u00eda fotogr\u00e1fica que mont\u00f3 la Defensor\u00eda del Pueblo, regional Norte de Santander, con ocasi\u00f3n del D\u00eda Internacional de la Mujer. El objetivo es hacer un ejercicio pedag\u00f3gico con la mujer diversa e incluyente. &hellip;<\/p>\n","protected":false},"author":1,"featured_media":26190,"comment_status":"open","ping_status":"open","sticky":false,"template":"","format":"standard","meta":{"footnotes":""},"categories":[74,17,9],"tags":[2759,2375,187],"class_list":["post-26189","post","type-post","status-publish","format-standard","has-post-thumbnail","hentry","category-aula-universitaria","category-conversaciones-a-contraluz","category-politica","tag-benito-bonilla","tag-defensoria-del-pueblo","tag-dia-internacional-de-la-mujer"],"_links":{"self":[{"href":"https:\/\/contraluzcucuta.co\/index.php?rest_route=\/wp\/v2\/posts\/26189","targetHints":{"allow":["GET"]}}],"collection":[{"href":"https:\/\/contraluzcucuta.co\/index.php?rest_route=\/wp\/v2\/posts"}],"about":[{"href":"https:\/\/contraluzcucuta.co\/index.php?rest_route=\/wp\/v2\/types\/post"}],"author":[{"embeddable":true,"href":"https:\/\/contraluzcucuta.co\/index.php?rest_route=\/wp\/v2\/users\/1"}],"replies":[{"embeddable":true,"href":"https:\/\/contraluzcucuta.co\/index.php?rest_route=%2Fwp%2Fv2%2Fcomments&post=26189"}],"version-history":[{"count":1,"href":"https:\/\/contraluzcucuta.co\/index.php?rest_route=\/wp\/v2\/posts\/26189\/revisions"}],"predecessor-version":[{"id":26191,"href":"https:\/\/contraluzcucuta.co\/index.php?rest_route=\/wp\/v2\/posts\/26189\/revisions\/26191"}],"wp:featuredmedia":[{"embeddable":true,"href":"https:\/\/contraluzcucuta.co\/index.php?rest_route=\/wp\/v2\/media\/26190"}],"wp:attachment":[{"href":"https:\/\/contraluzcucuta.co\/index.php?rest_route=%2Fwp%2Fv2%2Fmedia&parent=26189"}],"wp:term":[{"taxonomy":"category","embeddable":true,"href":"https:\/\/contraluzcucuta.co\/index.php?rest_route=%2Fwp%2Fv2%2Fcategories&post=26189"},{"taxonomy":"post_tag","embeddable":true,"href":"https:\/\/contraluzcucuta.co\/index.php?rest_route=%2Fwp%2Fv2%2Ftags&post=26189"}],"curies":[{"name":"wp","href":"https:\/\/api.w.org\/{rel}","templated":true}]}}