{"id":26183,"date":"2016-03-08T20:35:21","date_gmt":"2016-03-09T01:35:21","guid":{"rendered":"http:\/\/contraluzcucuta.co\/?p=26183"},"modified":"2016-03-12T16:22:19","modified_gmt":"2016-03-12T21:22:19","slug":"dia-de-la-mujer-fiesta-para-cucutenas-y-condecoraciones-para-nortesantandereanas","status":"publish","type":"post","link":"https:\/\/contraluzcucuta.co\/?p=26183","title":{"rendered":"DIA DE LA MUJER. Fiesta para cucute\u00f1as y condecoraciones para nortesantandereanas"},"content":{"rendered":"<p><strong>C\u00daCUTA.-<\/strong> Mientras la Alcald\u00eda dispuso una fiesta en la Plaza de Banderas para las mujeres cucute\u00f1as, la Gobernaci\u00f3n aprovech\u00f3 la fecha para exaltar a 46 lideresas del departamento, en el coliseo del colegio Municipal. Seg\u00fan las cuentas oficiales, 12.500 mujeres participaron en las dos actividades.<\/p>\n<p>\u201c\u00a1Que vivan las mujeres!\u201d, grit\u00f3 emocionad el alcalde C\u00e9sar Rojas al llegar a la Plaza. En el lugar lo aguardaban 8000 cucute\u00f1as \u00a0sonrientes para disfrutar del agasajo. El La primera celebraci\u00f3n del <a href=\"https:\/\/es.wikipedia.org\/wiki\/D%C3%ADa_Internacional_de_la_Mujer\">D\u00eda Internacional de la Mujer Trabajadora<\/a> tuvo lugar el 19 de marzo de 1911 en Alemania, Austria, Dinamarca y Suiza. La conmemoraci\u00f3n se ha extendido a numerosos pa\u00edses.<\/p>\n<p>En 1972, la Asamblea General de la Organizaci\u00f3n de las Naciones Unidas (ONU) declar\u00f3 1975 como A\u00f1o Internacional de la Mujer. En 1977, invit\u00f3 a los Estados a declarar, conforme a las tradiciones hist\u00f3ricas y costumbres nacionales, un d\u00eda como D\u00eda Internacional por los Derechos de la Mujer y la Paz Internacional.<\/p>\n<p>la Secretar\u00eda de Equidad de G\u00e9nero de C\u00facuta estuvo al frente de la actividad en la que Rojas Ayala agradeci\u00f3 a las cucute\u00f1as, porque en octubre \u201chicieron posible que hoy sea el Alcalde de C\u00facuta\u201d. Les dijo que son el mayor motivo por el que trabaja para ofrecerles mayores oportunidades y una mejor calidad de vida.<\/p>\n<p>Jhonny White, Carranga y Son, Rossy y su rumba, y Combo Real pusieron a bailar y cantar a las mujeres en su d\u00eda. A la conmemoraci\u00f3n se unieron la Secretar\u00eda de Seguridad Ciudadana, IMRD, Polic\u00eda, Bomberos, Defensa Civil, Tr\u00e1nsito Municipal y varias empresas privadas.<\/p>\n<p>Por los lados de la Gobernaci\u00f3n se inform\u00f3 que 4500 mujeres, integrantes de asociaciones de Norte de Santander, fueron protagonistas de la celebraci\u00f3n, en el colegio Municipal de C\u00facuta.<\/p>\n<p>La administraci\u00f3n departamental exalt\u00f3 a 46 lideresas por el servicio, el compromiso constante y la dedicaci\u00f3n para el desarrollo de la regi\u00f3n. La gestora social Cecilia Soler y de la secretaria de Equidad y G\u00e9nero, Mar\u00eda Eugenia Riascos, estuvieron al frente del acto.<\/p>\n<p>Riascos dio que este y otros espacios \u2013no solo hoy, sino siempre- deben ser propicios para que las mujeres afectadas por violencia intrafamiliar denuncien los maltratos a los que las someten los compa\u00f1eros sentimentales. \u201cNo se pueden tolerar actos de este tipo que lleven, en el peor de los casos, a un homicidio\u201d.<\/p>\n<p>El gobernador William Villamizar expres\u00f3 que las mujeres son las lideresas de la regi\u00f3n y que la fuerza social las puede llevar a desempe\u00f1arse como concejalas y alcaldesas.<\/p>\n<p><strong>Foto: PRENSA ALCALD\u00cdA<\/strong><\/p>\n<p>&nbsp; <\/p>\n","protected":false},"excerpt":{"rendered":"<p>C\u00daCUTA.- Mientras la Alcald\u00eda dispuso una fiesta en la Plaza de Banderas para las mujeres cucute\u00f1as, la Gobernaci\u00f3n aprovech\u00f3 la fecha para exaltar a 46 lideresas del departamento, en el coliseo del colegio Municipal. Seg\u00fan las cuentas oficiales, 12.500 mujeres participaron en las dos actividades. \u201c\u00a1Que vivan las mujeres!\u201d, grit\u00f3 emocionad el alcalde C\u00e9sar Rojas &hellip;<\/p>\n","protected":false},"author":1,"featured_media":26184,"comment_status":"open","ping_status":"open","sticky":false,"template":"","format":"standard","meta":{"footnotes":""},"categories":[2625,2630,32],"tags":[226,1228,379],"class_list":["post-26183","post","type-post","status-publish","format-standard","has-post-thumbnail","hentry","category-alcaldia-de-cucuta","category-gobernacion","category-recorrido-por-la-region","tag-alcaldia-de-cucuta","tag-dia-de-la-mujer","tag-gobernacion-de-norte-de-santander"],"_links":{"self":[{"href":"https:\/\/contraluzcucuta.co\/index.php?rest_route=\/wp\/v2\/posts\/26183","targetHints":{"allow":["GET"]}}],"collection":[{"href":"https:\/\/contraluzcucuta.co\/index.php?rest_route=\/wp\/v2\/posts"}],"about":[{"href":"https:\/\/contraluzcucuta.co\/index.php?rest_route=\/wp\/v2\/types\/post"}],"author":[{"embeddable":true,"href":"https:\/\/contraluzcucuta.co\/index.php?rest_route=\/wp\/v2\/users\/1"}],"replies":[{"embeddable":true,"href":"https:\/\/contraluzcucuta.co\/index.php?rest_route=%2Fwp%2Fv2%2Fcomments&post=26183"}],"version-history":[{"count":1,"href":"https:\/\/contraluzcucuta.co\/index.php?rest_route=\/wp\/v2\/posts\/26183\/revisions"}],"predecessor-version":[{"id":26185,"href":"https:\/\/contraluzcucuta.co\/index.php?rest_route=\/wp\/v2\/posts\/26183\/revisions\/26185"}],"wp:featuredmedia":[{"embeddable":true,"href":"https:\/\/contraluzcucuta.co\/index.php?rest_route=\/wp\/v2\/media\/26184"}],"wp:attachment":[{"href":"https:\/\/contraluzcucuta.co\/index.php?rest_route=%2Fwp%2Fv2%2Fmedia&parent=26183"}],"wp:term":[{"taxonomy":"category","embeddable":true,"href":"https:\/\/contraluzcucuta.co\/index.php?rest_route=%2Fwp%2Fv2%2Fcategories&post=26183"},{"taxonomy":"post_tag","embeddable":true,"href":"https:\/\/contraluzcucuta.co\/index.php?rest_route=%2Fwp%2Fv2%2Ftags&post=26183"}],"curies":[{"name":"wp","href":"https:\/\/api.w.org\/{rel}","templated":true}]}}