{"id":26177,"date":"2016-03-08T19:25:55","date_gmt":"2016-03-09T00:25:55","guid":{"rendered":"http:\/\/contraluzcucuta.co\/?p=26177"},"modified":"2016-03-12T16:23:50","modified_gmt":"2016-03-12T21:23:50","slug":"dia-de-la-mujer-a-cambio-de-un-chocolate-y-una-flor-inclusion-y-respeto","status":"publish","type":"post","link":"https:\/\/contraluzcucuta.co\/?p=26177","title":{"rendered":"D\u00cdA DE LA MUJER. A cambio de un chocolate y una flor, inclusi\u00f3n y respeto"},"content":{"rendered":"<p><strong>C\u00daCUTA.-<\/strong> La Defensor\u00eda del Pueblo, regional Norte de Santander, se sali\u00f3 de los par\u00e1metros que encierran la conmemoraci\u00f3n del D\u00eda Internacional de la Mujer. A cambio del consabido chocolate y de la flor, la oficina del ministerio p\u00fablico aplic\u00f3 un ejercicio pedag\u00f3gico con la mujer diversa e incluyente.<\/p>\n<p>El abogado Benito Bonilla Su\u00e1rez, titular del despacho en el departamento, se\u00f1al\u00f3 que \u201cla mujer del com\u00fan ha sido discriminada por a\u00f1os y ahora se han reivindicado sus derechos\u201d. El acto sirvi\u00f3 para corroborar y promocionar la igualdad de los derechos o la equidad entre el hombre y las mujeres.<\/p>\n<p>La fecha conmemora la lucha de la mujer por la participaci\u00f3n, en pie de igualdad con el hombre, en la sociedad y en su desarrollo \u00edntegro como persona. Se celebra el d\u00eda 8 de marzo. Es fiesta nacional en algunos pa\u00edses. (1).<\/p>\n<p>La Defensor\u00eda regional inici\u00f3 una campa\u00f1a por el respeto por la diferencia. La jornada incluye la exposici\u00f3n de fotograf\u00edas de mujeres del com\u00fan. \u201cPor el simple hecho de ser seres humanos merecen el respeto y ser incluidas\u201d. La galer\u00eda la conforman representantes de la comunidad generista, la cabeza de familia, la ind\u00edgena, la defensora de derechos humanos, la afrodescendiente, la gitana y la mujer com\u00fan.<\/p>\n<p>La primera celebraci\u00f3n del <a href=\"https:\/\/es.wikipedia.org\/wiki\/D%C3%ADa_Internacional_de_la_Mujer\">D\u00eda Internacional de la Mujer Trabajadora<\/a> tuvo lugar el 19 de marzo de 1911 en Alemania, Austria, Dinamarca y Suiza. La conmemoraci\u00f3n se ha extendido a numerosos pa\u00edses. En 1972, la Asamblea General de la Organizaci\u00f3n de las Naciones Unidas (ONU) declar\u00f3 1975 como A\u00f1o Internacional de la Mujer. En 1977, invit\u00f3 a los Estados a declarar, conforme a las tradiciones hist\u00f3ricas y costumbres nacionales, un d\u00eda como D\u00eda Internacional por los Derechos de la Mujer y la Paz Internacional.<\/p>\n<p>El trabajo emprendido en C\u00facuta est\u00e1 direccionado a \u00a0incluir a esa mujer que ha sido discriminada por la sociedad. \u201cInfortunadamente, es lo que vemos, es lo cotidiano. Desde la Defensor\u00eda del Pueblo impulsamos inclusi\u00f3n y el respeto\u201d.<\/p>\n<p><strong>\u00bfC\u00f3mo hicieron la para selecci\u00f3n de las modelos?<\/strong><\/p>\n<p>Hicimos un castin. No est\u00e1 la motil\u00f3n bar\u00ed, porque para incluirla deb\u00eda pedirse permiso al gobernador del resguardo. No fue posible por la premura del tiempo. La de derechos humanos es funcionaria de la defensor\u00eda, la transg\u00e9nero es lideresa de la comunidad LGBTI, la afrodescendiente es la presidenta de la asociaci\u00f3n, la gitana es presidenta de la mesa departamental de v\u00edctimas, La cabeza de familia hace parte de la mesa municipal, la ind\u00edgena igual y la com\u00fan es defensora de su trabajo diario.<\/p>\n<p><strong>\u00bfDespu\u00e9s de la celebraci\u00f3n se mantendr\u00e1 el trabajo con las mujeres?<\/strong><\/p>\n<p>La actividad no termina con la exposici\u00f3n, se prolongar\u00e1 a tres restaurantes exclusivos de la ciudad. Hicimos individuales de mesa con las fotograf\u00edas y con los derechos de las mujeres para que los vean y lean los mensajes.<\/p>\n<p><strong>\u00bfLas mujeres seguir\u00e1n comprometidas con el trabajo por las mujeres?<\/strong><\/p>\n<p>Son lideresas naturales en el proceso de los derechos humanos. Nos dimos a la tarea de ubicarlas en cada proceso donde son cabeza.<\/p>\n<p><strong>RAFAEL ANTONIO PAB\u00d3N<\/strong><\/p>\n<p><strong><a href=\"mailto:rafaelpabon58@hotmail.com\">rafaelpabon58@hotmail.com<\/a><\/strong><\/p>\n<p><strong>Foto: <a href=\"http:\/\/www.contraluzcucuta.co\">www.contraluzcucuta.co<\/a><\/strong><\/p>\n<p>&nbsp;<\/p>\n<p>&nbsp; <\/p>\n","protected":false},"excerpt":{"rendered":"<p>C\u00daCUTA.- La Defensor\u00eda del Pueblo, regional Norte de Santander, se sali\u00f3 de los par\u00e1metros que encierran la conmemoraci\u00f3n del D\u00eda Internacional de la Mujer. A cambio del consabido chocolate y de la flor, la oficina del ministerio p\u00fablico aplic\u00f3 un ejercicio pedag\u00f3gico con la mujer diversa e incluyente. El abogado Benito Bonilla Su\u00e1rez, titular del &hellip;<\/p>\n","protected":false},"author":1,"featured_media":26178,"comment_status":"open","ping_status":"open","sticky":false,"template":"","format":"standard","meta":{"footnotes":""},"categories":[7,6],"tags":[2759,2375,2794,187],"class_list":["post-26177","post","type-post","status-publish","format-standard","has-post-thumbnail","hentry","category-acontecimientos","category-ojo-avizor","tag-benito-bonilla","tag-defensoria-del-pueblo","tag-defensoria-regional-del-pueblo","tag-dia-internacional-de-la-mujer"],"_links":{"self":[{"href":"https:\/\/contraluzcucuta.co\/index.php?rest_route=\/wp\/v2\/posts\/26177","targetHints":{"allow":["GET"]}}],"collection":[{"href":"https:\/\/contraluzcucuta.co\/index.php?rest_route=\/wp\/v2\/posts"}],"about":[{"href":"https:\/\/contraluzcucuta.co\/index.php?rest_route=\/wp\/v2\/types\/post"}],"author":[{"embeddable":true,"href":"https:\/\/contraluzcucuta.co\/index.php?rest_route=\/wp\/v2\/users\/1"}],"replies":[{"embeddable":true,"href":"https:\/\/contraluzcucuta.co\/index.php?rest_route=%2Fwp%2Fv2%2Fcomments&post=26177"}],"version-history":[{"count":1,"href":"https:\/\/contraluzcucuta.co\/index.php?rest_route=\/wp\/v2\/posts\/26177\/revisions"}],"predecessor-version":[{"id":26179,"href":"https:\/\/contraluzcucuta.co\/index.php?rest_route=\/wp\/v2\/posts\/26177\/revisions\/26179"}],"wp:featuredmedia":[{"embeddable":true,"href":"https:\/\/contraluzcucuta.co\/index.php?rest_route=\/wp\/v2\/media\/26178"}],"wp:attachment":[{"href":"https:\/\/contraluzcucuta.co\/index.php?rest_route=%2Fwp%2Fv2%2Fmedia&parent=26177"}],"wp:term":[{"taxonomy":"category","embeddable":true,"href":"https:\/\/contraluzcucuta.co\/index.php?rest_route=%2Fwp%2Fv2%2Fcategories&post=26177"},{"taxonomy":"post_tag","embeddable":true,"href":"https:\/\/contraluzcucuta.co\/index.php?rest_route=%2Fwp%2Fv2%2Ftags&post=26177"}],"curies":[{"name":"wp","href":"https:\/\/api.w.org\/{rel}","templated":true}]}}