{"id":26169,"date":"2016-03-06T17:20:21","date_gmt":"2016-03-06T22:20:21","guid":{"rendered":"http:\/\/contraluzcucuta.co\/?p=26169"},"modified":"2016-03-08T22:36:27","modified_gmt":"2016-03-09T03:36:27","slug":"notas-al-margen-sin-union-y-trabajo-en-equipo-la-region-esta-amenazada","status":"publish","type":"post","link":"https:\/\/contraluzcucuta.co\/?p=26169","title":{"rendered":"NOTAS AL MARGEN. Sin uni\u00f3n y trabajo en equipo la regi\u00f3n est\u00e1 amenazada"},"content":{"rendered":"<p><strong>1.-La realidad de la frontera<\/strong>, as\u00ed como sus perspectivas, se capta y\u00a0 palpita en calles y avenidas de C\u00facuta y de los municipios que hacen parte o integran la noci\u00f3n de frontera. Y si se quiere profundizar, en los parques y en la mayor\u00eda de los establecimientos comerciales se puede medir la intensidad del impacto que desde el 19 de agosto provoc\u00f3 el gobierno venezolano \u2018para propiciar una nueva frontera\u00a0 de paz\u2019.\u00a0 Curiosamente, y en uno de los contrastes\u00a0 m\u00e1s significativos y para un an\u00e1lisis de mayor enfoque y consideraci\u00f3n, hacia San Antonio, en el Estado T\u00e1chira, al otro lado de la referencia fronteriza, \u00a0no hay\u00a0 permisibilidad de tr\u00e1nsito salvo\u00a0 la utilizaci\u00f3n de los pasos a los que acuden los contrabandistas y las personas en apuros, que\u00a0 hacen uso\u00a0 de las\u00a0 trochas , vadeando\u00a0 el rio lim\u00edtrofe y en ocasiones \u2013que,\u00a0 a veces son permanentes \u2013 mediante\u00a0 cuotas o pagos anticipados, \u2018cobrando\u00a0 dicho peaje\u2019.<\/p>\n<p>Y esto y todo lo que pueda deducirse en\u00a0 un cualquier enfoque esencial sucede sin que Caracas y Bogot\u00e1 asuman el control de lo que acontece, porque la gente de frontera carece de directivas organizadas y actuantes\u00a0 que se les ocurra reunirse en gobernaciones, alcald\u00edas, puentes internacionales y lugares de convocatoria ciudadana, para solicitar de manera\u00a0 colectiva y conjunta una respuesta y soluci\u00f3n a lo ins\u00f3lito que ocurre en lo socio- econ\u00f3mico y pol\u00edtico de la relaci\u00f3n colombo-venezolana\u00a0 cuando prosigue el cierre y\u00a0 hasta\u00a0 no hay programas compartidos en\u00a0 los casos del\u00a0 dengue y en especial del Zika y por no existir una coordinaci\u00f3n en los planes y prospectos de salud, como no los hay en lo concerniente al progreso y desarrollo de estas fajas territoriales en casi ning\u00fan orden, aprovechan \u2013estos vac\u00edos- para agravar y hacer m\u00e1s cr\u00edtica y vulnerable la realidad. S\u00ed, nos falta uni\u00f3n y fundamentalmente mayor y verdadera integraci\u00f3n, laboriosidad y prospectos conjuntos, empezando por los b\u00e1sicos, porque si detall\u00e1ramos\u00a0 lo que ocurre y se proyecta en tr\u00e1mites, servicios, incentivos, est\u00edmulos y garant\u00edas para establecer y fomentar una verdadera capacitaci\u00f3n y desarrollo compartido y generador de inversiones y fuentes de empleo ,lo que resultar\u00eda, no ser\u00eda una simple queja, sino un particularizado\u00a0 memorial sobre el abandono y la marginalidad en la frontera ante la indiferencia de los poderes centrales y sus dependencias.<\/p>\n<p><strong>2.- S\u00ed, nos hace falta m\u00e1s entrega y amor por lo propio<\/strong>. As\u00ed como deseos y \u00e1nimo de superaci\u00f3n y avance,\u00a0 porque hay excesivo conformismo, pasividad, individualismo y facilismo al\u00a0 no estimar, ni\u00a0 constatar que la mayor responsabilidad radica en ese marasmo\u00a0 desconcertante de silencios y\u00a0 desuniones que no permite progresar y demostrar lo que podemos hacer, postergando acciones y conductas \u00a0sobre las urgentes prioridades, que por falta de atenci\u00f3n frenan y convulsionan el desarrollo.<\/p>\n<p><strong>3.- La frontera, si\u00a0 se examinara con esp\u00edritu integracionista,<\/strong> criterios investigativos compartidos\u00a0 y con visi\u00f3n de futuro, por\u00a0 lo que representa su ubicaci\u00f3n geoestrat\u00e9gica y las ventajas comparativas que determinan las opciones por implementar y otorgarles vida funcional y operativa, podr\u00eda dar paso a trasformaciones excepcionales, giros y cambios de enorme significaci\u00f3n y trascendencia. Pero, solo esperando y gastando tiempo en frivolidades y\u00a0\u00a0 sin\u00a0 enfrentar con positivismo y dedicaci\u00f3n la realidad, ni\u00a0 fomentar e\u00a0 impulsar\u00a0 la investigaci\u00f3n y al hallazgo de lo que se necesita, solo conducir\u00e1\u00a0 a un mayor retroceso y al aumento de la informalidad y el desempleo, en medio de avisos de se vende, se arrienda, ante el decaimiento y postergaci\u00f3n de definiciones.<\/p>\n<p>Por eso <strong>\u2018Si seguimos como vamos y nos quedamos como estamos, nunca llegaremos a lo que todo anhelamos\u2019.<\/strong> Es una expresi\u00f3n que bien vale reiterar, porque sin un cambio aut\u00e9ntico y sin una ejemplarizante\u00a0 uni\u00f3n y trabajo en equipo, el futuro regional y de la frontera est\u00e1 seria y gravemente amenazado.<\/p>\n<p><strong>JOS\u00c9 NEIRA REY<\/strong><\/p>\n<p><strong><a href=\"mailto:jneirarey@hotmail.com\">jneirarey@hotmail.com<\/a><\/strong><\/p>\n<p><strong>Foto: tvn-2.com<\/strong><\/p>\n<p><strong>\u00a0<\/strong> <\/p>\n","protected":false},"excerpt":{"rendered":"<p>1.-La realidad de la frontera, as\u00ed como sus perspectivas, se capta y\u00a0 palpita en calles y avenidas de C\u00facuta y de los municipios que hacen parte o integran la noci\u00f3n de frontera. Y si se quiere profundizar, en los parques y en la mayor\u00eda de los establecimientos comerciales se puede medir la intensidad del impacto &hellip;<\/p>\n","protected":false},"author":1,"featured_media":26170,"comment_status":"open","ping_status":"open","sticky":false,"template":"","format":"standard","meta":{"footnotes":""},"categories":[14,32],"tags":[2173,2483,382,956],"class_list":["post-26169","post","type-post","status-publish","format-standard","has-post-thumbnail","hentry","category-articulistas","category-recorrido-por-la-region","tag-contrabando-en-la-frontera","tag-crisis-en-la-frontera","tag-jose-neira","tag-notas-al-margen"],"_links":{"self":[{"href":"https:\/\/contraluzcucuta.co\/index.php?rest_route=\/wp\/v2\/posts\/26169","targetHints":{"allow":["GET"]}}],"collection":[{"href":"https:\/\/contraluzcucuta.co\/index.php?rest_route=\/wp\/v2\/posts"}],"about":[{"href":"https:\/\/contraluzcucuta.co\/index.php?rest_route=\/wp\/v2\/types\/post"}],"author":[{"embeddable":true,"href":"https:\/\/contraluzcucuta.co\/index.php?rest_route=\/wp\/v2\/users\/1"}],"replies":[{"embeddable":true,"href":"https:\/\/contraluzcucuta.co\/index.php?rest_route=%2Fwp%2Fv2%2Fcomments&post=26169"}],"version-history":[{"count":1,"href":"https:\/\/contraluzcucuta.co\/index.php?rest_route=\/wp\/v2\/posts\/26169\/revisions"}],"predecessor-version":[{"id":26171,"href":"https:\/\/contraluzcucuta.co\/index.php?rest_route=\/wp\/v2\/posts\/26169\/revisions\/26171"}],"wp:featuredmedia":[{"embeddable":true,"href":"https:\/\/contraluzcucuta.co\/index.php?rest_route=\/wp\/v2\/media\/26170"}],"wp:attachment":[{"href":"https:\/\/contraluzcucuta.co\/index.php?rest_route=%2Fwp%2Fv2%2Fmedia&parent=26169"}],"wp:term":[{"taxonomy":"category","embeddable":true,"href":"https:\/\/contraluzcucuta.co\/index.php?rest_route=%2Fwp%2Fv2%2Fcategories&post=26169"},{"taxonomy":"post_tag","embeddable":true,"href":"https:\/\/contraluzcucuta.co\/index.php?rest_route=%2Fwp%2Fv2%2Ftags&post=26169"}],"curies":[{"name":"wp","href":"https:\/\/api.w.org\/{rel}","templated":true}]}}