{"id":26163,"date":"2016-03-06T16:01:45","date_gmt":"2016-03-06T21:01:45","guid":{"rendered":"http:\/\/contraluzcucuta.co\/?p=26163"},"modified":"2016-03-08T20:59:42","modified_gmt":"2016-03-09T01:59:42","slug":"transito-municipal-derogado-pico-y-placa-para-dar-paso-al-pacto-social","status":"publish","type":"post","link":"https:\/\/contraluzcucuta.co\/?p=26163","title":{"rendered":"TR\u00c1NSITO MUNICIPAL. Derogado \u2018Pico y Placa\u2019 para dar paso al Pacto Social"},"content":{"rendered":"<p><strong>C\u00daCUTA.-<\/strong> Los conductores cucute\u00f1os y visitantes no tendr\u00e1n que soportar m\u00e1s molestias por la aplicaci\u00f3n del \u2018<a href=\"https:\/\/contraluzcucuta.co\/articulos\/pico-y-placa-nueva-temporada-con-restriccion-para-carros-de-cucuta-y-motos\/\">Pico y Placa<\/a>\u2019 en un cuadrante especial de la zona c\u00e9ntrica de la ciudad. <strong>El alcalde C\u00e9sar Rojas Ayala derog\u00f3 el Decreto 0056 del 18 de enero, mediante el cual se adopt\u00f3 la medida en C\u00facuta.<\/strong><\/p>\n<p>Desde comienzos de a\u00f1o, se escucharon voces inconformes con la disposici\u00f3n municipal por la falta de previsi\u00f3n y estudio para determinar los d\u00edas de no circulaci\u00f3n de los automotores. Diversos gremios solicitaron revisar el acto administrativo y ahora se les da la raz\u00f3n.<\/p>\n<p><strong>Para el secretario de Tr\u00e1nsito Municipal, Jos\u00e9 Luis Duarte, es el tercer rev\u00e9s de su gesti\u00f3n,<\/strong> en menos de dos meses. Inicialmente, se public\u00f3 un mapa con el cuadrante y result\u00f3 falso; luego, se alarg\u00f3 el comparendo educativo, y ahora, se deroga el decreto reglamentario de la medida.<\/p>\n<p><strong>Los gremios, desde los conductores de servicio p\u00fablico hasta los comerciantes, pidieron reestructurar la norma para evitar inconvenientes entre los afiliados.<\/strong> Los motociclistas reclamaron por la asignaci\u00f3n de dos d\u00edas para no circular, de acuerdo con el \u00faltimo d\u00edgito de la placa, uno para los pares y otro para los impares.<\/p>\n<p>El alcalde Rojas dio a conocer <strong>el Decreto 0163 del 4 de marzo, que\u00a0 deroga\u00a0 el 0056<\/strong>, por medio del cual se adopt\u00f3 la medida de tr\u00e1nsito para autom\u00f3viles y motocicletas.<\/p>\n<p>El bolet\u00edn oficial de la Alcald\u00eda expresa que Rojas Ayala \u201csiempre ha tenido la certeza de emprender acciones de la mejor manera para el bienestar de los cucute\u00f1os\u201d. Esa es la explicaci\u00f3n a las modificaciones efectuadas respecto a la movilidad.<\/p>\n<p><strong>\u201cEsta decisi\u00f3n es parte del Pacto Social\u201d,<\/strong> dijo el Alcalde. La ciudadan\u00eda se compromete a tener buen comportamiento frente a la circulaci\u00f3n, parquear en los sitios permitidos y hacer buen uso de la normatividad. El compromiso \u201cser\u00e1 evaluado de aqu\u00ed a junio, y se tomar\u00e1n las determinaciones correspondientes\u201d.<\/p>\n<p>Los cucute\u00f1os deben cumplir a cabalidad las siguientes normas de Tr\u00e1nsito:<\/p>\n<p>1.- Tener los documentos al d\u00eda<\/p>\n<p>2.- No parquear en sitios prohibidos<\/p>\n<p>3.- Disminuir el caos vehicular en el d\u00eda<\/p>\n<p>4.- Usar el cintur\u00f3n de seguridad para los autom\u00f3viles<\/p>\n<p>5.- Los motociclistas deben llevar los implementos de prevenci\u00f3n (chaleco y casco).<\/p>\n<p>\u201cTodo esto para iniciar el proceso de cultura ciudadana y seguir en el progreso de nuestra ciudad\u201d, indic\u00f3 el alcalde C\u00e9sar Rojas.<\/p>\n<p><strong>Otras quejas surgidas a ra\u00edz del \u00b4Pico y Placa\u2019 involucran a los agentes de la polic\u00eda, encargados de hacer cumplir la norma.<\/strong> En varias oportunidades conductores locales se\u00f1alaron a los uniformados de aprovecharse de la situaci\u00f3n para beneficio personal.<\/p>\n<p><strong>Foto: cucuta-nortedesantander.gov.co<\/strong><\/p>\n<p><strong>\u00a0<\/strong> <\/p>\n","protected":false},"excerpt":{"rendered":"<p>C\u00daCUTA.- Los conductores cucute\u00f1os y visitantes no tendr\u00e1n que soportar m\u00e1s molestias por la aplicaci\u00f3n del \u2018Pico y Placa\u2019 en un cuadrante especial de la zona c\u00e9ntrica de la ciudad. El alcalde C\u00e9sar Rojas Ayala derog\u00f3 el Decreto 0056 del 18 de enero, mediante el cual se adopt\u00f3 la medida en C\u00facuta. Desde comienzos de &hellip;<\/p>\n","protected":false},"author":1,"featured_media":26164,"comment_status":"open","ping_status":"open","sticky":false,"template":"","format":"standard","meta":{"footnotes":""},"categories":[2625,541,6],"tags":[2733,434,2107],"class_list":["post-26163","post","type-post","status-publish","format-standard","has-post-thumbnail","hentry","category-alcaldia-de-cucuta","category-ciudad","category-ojo-avizor","tag-alcalde-cesar-rojas","tag-pico-y-placa-en-cucuta","tag-secretaria-de-transito-de-cucuta"],"_links":{"self":[{"href":"https:\/\/contraluzcucuta.co\/index.php?rest_route=\/wp\/v2\/posts\/26163","targetHints":{"allow":["GET"]}}],"collection":[{"href":"https:\/\/contraluzcucuta.co\/index.php?rest_route=\/wp\/v2\/posts"}],"about":[{"href":"https:\/\/contraluzcucuta.co\/index.php?rest_route=\/wp\/v2\/types\/post"}],"author":[{"embeddable":true,"href":"https:\/\/contraluzcucuta.co\/index.php?rest_route=\/wp\/v2\/users\/1"}],"replies":[{"embeddable":true,"href":"https:\/\/contraluzcucuta.co\/index.php?rest_route=%2Fwp%2Fv2%2Fcomments&post=26163"}],"version-history":[{"count":1,"href":"https:\/\/contraluzcucuta.co\/index.php?rest_route=\/wp\/v2\/posts\/26163\/revisions"}],"predecessor-version":[{"id":26165,"href":"https:\/\/contraluzcucuta.co\/index.php?rest_route=\/wp\/v2\/posts\/26163\/revisions\/26165"}],"wp:featuredmedia":[{"embeddable":true,"href":"https:\/\/contraluzcucuta.co\/index.php?rest_route=\/wp\/v2\/media\/26164"}],"wp:attachment":[{"href":"https:\/\/contraluzcucuta.co\/index.php?rest_route=%2Fwp%2Fv2%2Fmedia&parent=26163"}],"wp:term":[{"taxonomy":"category","embeddable":true,"href":"https:\/\/contraluzcucuta.co\/index.php?rest_route=%2Fwp%2Fv2%2Fcategories&post=26163"},{"taxonomy":"post_tag","embeddable":true,"href":"https:\/\/contraluzcucuta.co\/index.php?rest_route=%2Fwp%2Fv2%2Ftags&post=26163"}],"curies":[{"name":"wp","href":"https:\/\/api.w.org\/{rel}","templated":true}]}}