{"id":26132,"date":"2016-03-03T19:01:09","date_gmt":"2016-03-04T00:01:09","guid":{"rendered":"http:\/\/contraluzcucuta.co\/?p=26132"},"modified":"2016-03-03T19:01:09","modified_gmt":"2016-03-04T00:01:09","slug":"velada-cultural-lo-mejor-del-merengue-con-la-orquesta-pakimpa","status":"publish","type":"post","link":"https:\/\/contraluzcucuta.co\/?p=26132","title":{"rendered":"VELADA CULTURAL. Lo mejor del merengue con la orquesta Pakimp\u00e1"},"content":{"rendered":"<p><strong>C\u00daCUTA.-<\/strong> Las canciones La Interesada y T\u00fa como yo ser\u00e1n interpretadas por la orquesta merenguera Pakimp\u00e1, este 4 de marzo, en las acostumbradas veladas culturales. La actividad se cumplir\u00e1 junto al CAI de la Polic\u00eda en El Malec\u00f3n.<\/p>\n<p>Farid Cu\u00e9llar, Fabio Roa y Harold Velandia son los tres talentosos que integran la orquesta cucute\u00f1a. Los artistas han alcanzado el reconocimiento local, regional y nacional. Una muestra del \u00e9xito fue el paso por el programa de televisi\u00f3n \u2018Yo me llamo\u2019, en el que imitaron a la agrupaci\u00f3n Dominicana Rikarena. En las presentaciones ganaron aplausos y elogios de los jurados y del p\u00fablico.<\/p>\n<p>Este fin de semana, los cucute\u00f1os disfrutar\u00e1n del nuevo sencillo que Pakimp\u00e1 promociona en la ciudad. El tema musical, sin duda, pondr\u00e1 a bailar de principio a fin en la velada cultural.<\/p>\n<p>Desde las 7:00 de la noche, las familias cucute\u00f1as podr\u00e1n hacer parte de esta fiesta, que cada semana llena de cultura y diversi\u00f3n el espacio adoptado por Aguas Kpital C\u00facuta.<\/p>\n<p>Cientos de asistentes disfrutar\u00e1n de buena m\u00fasica y apoyar\u00e1n a los talentos locales que sobresalen en el pa\u00eds y con proyecci\u00f3n internacional. Aguas Kpital C\u00facuta apoya la cultura, el arte y la m\u00fasica.<\/p>\n<p><strong>Foto: PRENSA AGUAS KPITAL<\/strong><\/p>\n<p>&nbsp; <\/p>\n","protected":false},"excerpt":{"rendered":"<p>C\u00daCUTA.- Las canciones La Interesada y T\u00fa como yo ser\u00e1n interpretadas por la orquesta merenguera Pakimp\u00e1, este 4 de marzo, en las acostumbradas veladas culturales. La actividad se cumplir\u00e1 junto al CAI de la Polic\u00eda en El Malec\u00f3n. Farid Cu\u00e9llar, Fabio Roa y Harold Velandia son los tres talentosos que integran la orquesta cucute\u00f1a. Los &hellip;<\/p>\n","protected":false},"author":1,"featured_media":26133,"comment_status":"open","ping_status":"open","sticky":false,"template":"","format":"standard","meta":{"footnotes":""},"categories":[36],"tags":[1270,2784,1460],"class_list":["post-26132","post","type-post","status-publish","format-standard","has-post-thumbnail","hentry","category-la-voz-del-pueblo","tag-aguas-kpital-cucuta","tag-orquesta-pakimpa","tag-velada-cultural"],"_links":{"self":[{"href":"https:\/\/contraluzcucuta.co\/index.php?rest_route=\/wp\/v2\/posts\/26132","targetHints":{"allow":["GET"]}}],"collection":[{"href":"https:\/\/contraluzcucuta.co\/index.php?rest_route=\/wp\/v2\/posts"}],"about":[{"href":"https:\/\/contraluzcucuta.co\/index.php?rest_route=\/wp\/v2\/types\/post"}],"author":[{"embeddable":true,"href":"https:\/\/contraluzcucuta.co\/index.php?rest_route=\/wp\/v2\/users\/1"}],"replies":[{"embeddable":true,"href":"https:\/\/contraluzcucuta.co\/index.php?rest_route=%2Fwp%2Fv2%2Fcomments&post=26132"}],"version-history":[{"count":1,"href":"https:\/\/contraluzcucuta.co\/index.php?rest_route=\/wp\/v2\/posts\/26132\/revisions"}],"predecessor-version":[{"id":26134,"href":"https:\/\/contraluzcucuta.co\/index.php?rest_route=\/wp\/v2\/posts\/26132\/revisions\/26134"}],"wp:featuredmedia":[{"embeddable":true,"href":"https:\/\/contraluzcucuta.co\/index.php?rest_route=\/wp\/v2\/media\/26133"}],"wp:attachment":[{"href":"https:\/\/contraluzcucuta.co\/index.php?rest_route=%2Fwp%2Fv2%2Fmedia&parent=26132"}],"wp:term":[{"taxonomy":"category","embeddable":true,"href":"https:\/\/contraluzcucuta.co\/index.php?rest_route=%2Fwp%2Fv2%2Fcategories&post=26132"},{"taxonomy":"post_tag","embeddable":true,"href":"https:\/\/contraluzcucuta.co\/index.php?rest_route=%2Fwp%2Fv2%2Ftags&post=26132"}],"curies":[{"name":"wp","href":"https:\/\/api.w.org\/{rel}","templated":true}]}}