{"id":26128,"date":"2016-03-02T21:40:41","date_gmt":"2016-03-03T02:40:41","guid":{"rendered":"http:\/\/contraluzcucuta.co\/?p=26128"},"modified":"2016-03-04T16:44:57","modified_gmt":"2016-03-04T21:44:57","slug":"anillo-vial-de-la-paz-inversion-en-el-catatumbo-alcanza-los-1500-millones","status":"publish","type":"post","link":"https:\/\/contraluzcucuta.co\/?p=26128","title":{"rendered":"ANILLO VIAL DE LA PAZ. Inversi\u00f3n en El Catatumbo alcanza los $ 1500 millones"},"content":{"rendered":"<p><strong>C\u00daCUTA. &#8211;<\/strong> <strong>El Anillo Vial de la Paz conectar\u00e1 a Hacar\u00ed con San Calixto y El Tarra, en un trayecto de 110 kil\u00f3metros.<\/strong> El proyecto se encuentra en la ejecuci\u00f3n de la fase tres. Los estudios se han adelantado con una inversi\u00f3n de $ 3500 millones. Al contrato le faltaban $ 1500 millones y acaban de ser \u00a0autorizados para garantizar el avance en la construcci\u00f3n de la v\u00eda.<\/p>\n<p><strong>M\u00e1s los recursos provenientes del Gobierno, la administraci\u00f3n departamental dispondr\u00e1 por seis meses m\u00e1s el combo de maquinarias que permanece en la zona.<\/strong> Los trabajos permitir\u00e1n habilitar el paso por 17 tramos viales en 9 municipios para recuperar el flujo vehicular en 350 kil\u00f3metros.<\/p>\n<p>Las conclusiones corresponden a la reuni\u00f3n entre el gobernador William Villamizar y voceros de la Asociaci\u00f3n Campesina del Catatumbo (Ascamcat). Los portavoces de los labriegos regresaron a la regi\u00f3n con el compromiso de hacer efectiva la adici\u00f3n de partidas para ejecutar obras viales en sectores espec\u00edficos.<\/p>\n<p><strong>Para salud se dispondr\u00e1n $ 12.000 millones para mejorar la infraestructura f\u00edsica del hospital de Tib\u00fa<\/strong> y se gestionar\u00e1n $ 7000 millones para la dotaci\u00f3n. En El Tarra y Oca\u00f1a, tambi\u00e9n, debe mejorarse el acceso a los servicios m\u00e9dicos, el transporte de enfermos en lanchas medicalizadas, por v\u00eda a\u00e9rea y terrestre.<\/p>\n<p>Los <strong>l\u00edderes de Ascamcat le entregaron al Gobernador el Plan de Desarrollo Sostenible de la Zona de Reserva Campesina.<\/strong> Planeaci\u00f3n Departamental evaluar\u00e1 el documento para ser incluirlo en el Plan de Desarrollo.<\/p>\n<p>\u201cSe trat\u00f3 de una reuni\u00f3n para revisar los acuerdos que se hab\u00edan pactado en el momento que se desarroll\u00f3 el paro del Catatumbo. Consideramos que es necesario atender oportunamente estas situaciones con miras al posconflicto\u201d, dijo William Villamizar.<\/p>\n<p><strong>En otra reuni\u00f3n, representantes de las fundaciones Avina y Porticus, y las entidades Redprodepaz y Consultor\u00eda E3, definieron los sectores del departamento que ser\u00e1n intervenidos con proyectos productivos.<\/strong> La cita la encabez\u00f3 el secretario de Fronteras y Cooperaci\u00f3n Internacional de Norte de Santander, Juan Carlos Cort\u00e9s.<\/p>\n<p><strong>El Catatumbo y el P\u00e1ramo de Santurb\u00e1n, reconocido en la regi\u00f3n por \u00a0la riqueza en el recurso h\u00eddrico, ser\u00e1n priorizadas durante la creaci\u00f3n de propuestas entre las partes<\/strong>. \u00a0\u201cEs importante mantener este recurso, y trabajar en la parte social y de v\u00edctimas para ganar la confianza de los afectados, para que vuelvan a creer en la institucionalidad\u201d, dijo el secretario Cort\u00e9s.<\/p>\n<p>Funcionarios de las secretar\u00edas de Planeaci\u00f3n y Reparaci\u00f3n a V\u00edctimas \u00a0participaron en el encuentro. El fin es trabajar con alcaldes y pueblos en la soluci\u00f3n de las necesidades relevantes, de frente al posconflicto.<\/p>\n<p><strong>\u201cQueremos apoyar las iniciativas priorizadas por la gente.<\/strong> Nuestro \u00e9nfasis va a ser siempre la participaci\u00f3n social y el fortalecimiento del mercado (laboral) para mejorar las condiciones del trabajador\u201d, dijo la delegada en Colombia de la Fundaci\u00f3n Avina, Cecilia Barja.<\/p>\n<p><strong>Foto: es.wikipedia.org<\/strong> <\/p>\n","protected":false},"excerpt":{"rendered":"<p>C\u00daCUTA. &#8211; El Anillo Vial de la Paz conectar\u00e1 a Hacar\u00ed con San Calixto y El Tarra, en un trayecto de 110 kil\u00f3metros. El proyecto se encuentra en la ejecuci\u00f3n de la fase tres. Los estudios se han adelantado con una inversi\u00f3n de $ 3500 millones. Al contrato le faltaban $ 1500 millones y acaban &hellip;<\/p>\n","protected":false},"author":1,"featured_media":26129,"comment_status":"open","ping_status":"open","sticky":false,"template":"","format":"standard","meta":{"footnotes":""},"categories":[556,6],"tags":[2783,246,2782],"class_list":["post-26128","post","type-post","status-publish","format-standard","has-post-thumbnail","hentry","category-departamento","category-ojo-avizor","tag-anillo-vial-de-la-paz","tag-el-catatumbo","tag-faro-del-catatumbo"],"_links":{"self":[{"href":"https:\/\/contraluzcucuta.co\/index.php?rest_route=\/wp\/v2\/posts\/26128","targetHints":{"allow":["GET"]}}],"collection":[{"href":"https:\/\/contraluzcucuta.co\/index.php?rest_route=\/wp\/v2\/posts"}],"about":[{"href":"https:\/\/contraluzcucuta.co\/index.php?rest_route=\/wp\/v2\/types\/post"}],"author":[{"embeddable":true,"href":"https:\/\/contraluzcucuta.co\/index.php?rest_route=\/wp\/v2\/users\/1"}],"replies":[{"embeddable":true,"href":"https:\/\/contraluzcucuta.co\/index.php?rest_route=%2Fwp%2Fv2%2Fcomments&post=26128"}],"version-history":[{"count":1,"href":"https:\/\/contraluzcucuta.co\/index.php?rest_route=\/wp\/v2\/posts\/26128\/revisions"}],"predecessor-version":[{"id":26130,"href":"https:\/\/contraluzcucuta.co\/index.php?rest_route=\/wp\/v2\/posts\/26128\/revisions\/26130"}],"wp:featuredmedia":[{"embeddable":true,"href":"https:\/\/contraluzcucuta.co\/index.php?rest_route=\/wp\/v2\/media\/26129"}],"wp:attachment":[{"href":"https:\/\/contraluzcucuta.co\/index.php?rest_route=%2Fwp%2Fv2%2Fmedia&parent=26128"}],"wp:term":[{"taxonomy":"category","embeddable":true,"href":"https:\/\/contraluzcucuta.co\/index.php?rest_route=%2Fwp%2Fv2%2Fcategories&post=26128"},{"taxonomy":"post_tag","embeddable":true,"href":"https:\/\/contraluzcucuta.co\/index.php?rest_route=%2Fwp%2Fv2%2Ftags&post=26128"}],"curies":[{"name":"wp","href":"https:\/\/api.w.org\/{rel}","templated":true}]}}