{"id":26112,"date":"2016-02-28T21:12:19","date_gmt":"2016-02-29T02:12:19","guid":{"rendered":"http:\/\/contraluzcucuta.co\/?p=26112"},"modified":"2016-03-04T14:19:56","modified_gmt":"2016-03-04T19:19:56","slug":"batalla-de-cucuta-masiva-participacion-en-acto-conmemorativo","status":"publish","type":"post","link":"https:\/\/contraluzcucuta.co\/?p=26112","title":{"rendered":"BATALLA DE C\u00daCUTA. Masiva participaci\u00f3n en acto conmemorativo"},"content":{"rendered":"<p><strong>C\u00daCUTA.-<\/strong> Centenares de cucute\u00f1os participaron en el desfile c\u00edvico, militar y folcl\u00f3rico para conmemorar los 203 a\u00f1os de la Batalla de C\u00facuta. El recorrido inici\u00f3 en el parque Santander y lleg\u00f3 al monumento de la Columna de Bol\u00edvar.<\/p>\n<p>Ni\u00f1os, j\u00f3venes y adultos disfrutaron con las coloridas muestras culturales presentadas por organizaciones locales. \u00a0Hombres y mujeres de la Polic\u00eda, el Ej\u00e9rcito, la Armada, la Defensa Civil y el Cuerpo de Bomberos engalanaron la actividad con sus uniformes.<\/p>\n<p>El desfile parti\u00f3 por la calle 10 hasta la avenida 11, buscar\u00e1 el canal Bogot\u00e1 y conectar\u00e1 con la Transversal 17 para llegar al monumento de la Loma de Bol\u00edvar. La Alcald\u00eda llev\u00f3 la ofrenda floral. El alcalde C\u00e9sar Rojas agradeci\u00f3 la presencia de los cucute\u00f1os.<\/p>\n<p>\u201cMe siento orgulloso por las muestras culturales y art\u00edsticas, porque resaltan nuestros or\u00edgenes. Esto nos hace un llamado a fortalecer el sentido de pertenencia por C\u00facuta y todo lo maravilloso que nos caracteriza&#8221;, puntualiz\u00f3 Rojas Ayala.<\/p>\n<p>La Batalla de C\u00facuta fue un enfrentamiento entre Sim\u00f3n Bol\u00edvar y las tropas espa\u00f1olas, en el que gan\u00f3 el Libertador. Dio inicio a la Campa\u00f1a Admirable, con la que el occidente de Venezuela fue liberado. La batalla comenz\u00f3, a las 6:00 de la ma\u00f1ana, del 28 de febrero de 1813 y termin\u00f3 al medio d\u00eda. Los combatientes fueron 400 hombres al mando de Sim\u00f3n Bol\u00edvar y 800 a \u00f3rdenes del general espa\u00f1ol Ram\u00f3n Correa.<\/p>\n<p>El coronel Sim\u00f3n Bol\u00edvar emprendi\u00f3 una gran ofensiva contra las fuerzas espa\u00f1olas de la margen oriental del r\u00edo Magdalena, y r\u00e1pidamente logr\u00f3 resonantes triunfos que lo llevaron a emprender una feliz jornada para liberar los Valles de C\u00facuta en poder de los realistas al mando de Correa.<\/p>\n<p>En el desfile de este domingo participaron la Gobernaci\u00f3n de Norte de Santander, la Academia de Historia, las bandas de paz de los colegios, los estudiantes de diferentes instituciones, la Di\u00f3cesis de C\u00facuta, la Universidad Sim\u00f3n Bol\u00edvar, la mesa de trabajo de los\u00a0 artesanos y la Sinf\u00f3nica Fundarte.<\/p>\n<p>Al t\u00e9rmino de la jornada hist\u00f3rica se posesionaron los 18\u00a0 miembros del Consejo Municipal de Cultura y manifestaron apoyo total a las iniciativas art\u00edsticas de la ciudad.<\/p>\n<p><strong>Foto: PRENSA ALCALD\u00cdA<\/strong><\/p>\n<p>&nbsp; <\/p>\n","protected":false},"excerpt":{"rendered":"<p>C\u00daCUTA.- Centenares de cucute\u00f1os participaron en el desfile c\u00edvico, militar y folcl\u00f3rico para conmemorar los 203 a\u00f1os de la Batalla de C\u00facuta. El recorrido inici\u00f3 en el parque Santander y lleg\u00f3 al monumento de la Columna de Bol\u00edvar. Ni\u00f1os, j\u00f3venes y adultos disfrutaron con las coloridas muestras culturales presentadas por organizaciones locales. \u00a0Hombres y mujeres &hellip;<\/p>\n","protected":false},"author":1,"featured_media":26113,"comment_status":"open","ping_status":"open","sticky":false,"template":"","format":"standard","meta":{"footnotes":""},"categories":[2625,541,36,37],"tags":[1148,226,174,2778],"class_list":["post-26112","post","type-post","status-publish","format-standard","has-post-thumbnail","hentry","category-alcaldia-de-cucuta","category-ciudad","category-la-voz-del-pueblo","category-paseo-cultural","tag-28-de-febrero","tag-alcaldia-de-cucuta","tag-batalla-de-cucuta","tag-consejo-municipal-de-cultura"],"_links":{"self":[{"href":"https:\/\/contraluzcucuta.co\/index.php?rest_route=\/wp\/v2\/posts\/26112","targetHints":{"allow":["GET"]}}],"collection":[{"href":"https:\/\/contraluzcucuta.co\/index.php?rest_route=\/wp\/v2\/posts"}],"about":[{"href":"https:\/\/contraluzcucuta.co\/index.php?rest_route=\/wp\/v2\/types\/post"}],"author":[{"embeddable":true,"href":"https:\/\/contraluzcucuta.co\/index.php?rest_route=\/wp\/v2\/users\/1"}],"replies":[{"embeddable":true,"href":"https:\/\/contraluzcucuta.co\/index.php?rest_route=%2Fwp%2Fv2%2Fcomments&post=26112"}],"version-history":[{"count":1,"href":"https:\/\/contraluzcucuta.co\/index.php?rest_route=\/wp\/v2\/posts\/26112\/revisions"}],"predecessor-version":[{"id":26114,"href":"https:\/\/contraluzcucuta.co\/index.php?rest_route=\/wp\/v2\/posts\/26112\/revisions\/26114"}],"wp:featuredmedia":[{"embeddable":true,"href":"https:\/\/contraluzcucuta.co\/index.php?rest_route=\/wp\/v2\/media\/26113"}],"wp:attachment":[{"href":"https:\/\/contraluzcucuta.co\/index.php?rest_route=%2Fwp%2Fv2%2Fmedia&parent=26112"}],"wp:term":[{"taxonomy":"category","embeddable":true,"href":"https:\/\/contraluzcucuta.co\/index.php?rest_route=%2Fwp%2Fv2%2Fcategories&post=26112"},{"taxonomy":"post_tag","embeddable":true,"href":"https:\/\/contraluzcucuta.co\/index.php?rest_route=%2Fwp%2Fv2%2Ftags&post=26112"}],"curies":[{"name":"wp","href":"https:\/\/api.w.org\/{rel}","templated":true}]}}