{"id":26106,"date":"2016-02-28T18:22:13","date_gmt":"2016-02-28T23:22:13","guid":{"rendered":"http:\/\/contraluzcucuta.co\/?p=26106"},"modified":"2016-03-02T20:57:08","modified_gmt":"2016-03-03T01:57:08","slug":"sexto-consejo-comunal-haremos-realidad-sus-necesidades-alcalde","status":"publish","type":"post","link":"https:\/\/contraluzcucuta.co\/?p=26106","title":{"rendered":"SEXTO CONSEJO COMUNAL. \u201cHaremos realidad sus necesidades\u201d: Alcalde"},"content":{"rendered":"<p><strong>C\u00daCUTA.-<\/strong> <strong>M\u00e1s de un millar de habitantes del barrio El Salado participaron en el cierre de los consejos comunales<\/strong> propuestos a los cucute\u00f1os. Cada ocho d\u00edas, el acalde C\u00e9sar Rojas y el gabinete llegaron a las comunas para conocer las inquietudes de las comunidades. <strong>El listado de necesidades servir\u00e1 para complementar el Plan de Desarrollo Municipal.<\/strong><\/p>\n<p>En la \u00faltima reuni\u00f3n, el jefe de la administraci\u00f3n local escuch\u00f3 propuestas de j\u00f3venes, madres cabeza de familia, dirigentes comunales, asociaciones de adultos mayores y\u00a0 miembros de organizaciones sociales. La cita se cumpli\u00f3 en el colegio Eustorgio Colmenares Baptista, con la participaci\u00f3n de m\u00e1s de mil habitantes del sector.<\/p>\n<p><strong>La propuesta bandera del gobierno cucute\u00f1o es el trabajo Comunidad- Gobierno para desarrollar obras en la ciudad<\/strong> y alcanzar el progreso de cada comuna. Entre las peticiones de los habitantes de El Salado destacan:<\/p>\n<p>1.- Construcci\u00f3n de un policl\u00ednico<\/p>\n<p>2.- Nombramiento de nuevos profesionales para unidades b\u00e1sicas<\/p>\n<p>3.- Mejoramiento de los servicios p\u00fablicos<\/p>\n<p>4.- Instalaci\u00f3n de c\u00e1maras de seguridad<\/p>\n<p>5.- Dotaci\u00f3n de equipos para instituciones educativas<\/p>\n<p>6.- Mejoramiento del alumbrado p\u00fablico<\/p>\n<p>7.- Titulaci\u00f3n de predios<\/p>\n<p>8.- Adecuaci\u00f3n de parques<\/p>\n<p>9.- Designaci\u00f3n de nuevas rutas de transporte<\/p>\n<p>10.- Acondicionamiento del espacio p\u00fablico<\/p>\n<p>11.- Atenci\u00f3n a la infraestructura vial<\/p>\n<p>12.- Apoyo a las escuelas de formaci\u00f3n art\u00edsticas<\/p>\n<p>13.- Recuperaci\u00f3n de los patrimonios culturales del sector<\/p>\n<p>14.- Legalizaci\u00f3n de terrenos.<\/p>\n<p><strong>La satisfacci\u00f3n de esas necesidades estrat\u00e9gicas reactivar\u00e1 social y econ\u00f3micamente a la comunidad<\/strong>, se\u00f1alaron voceros. El Alcalde respondi\u00f3 que trabaja con el Gobierno en un plan para legalizar los terrenos, mejorar las viviendas, construir la Unidad B\u00e1sica y dotar a la comuna de una sede policial.<\/p>\n<p><strong>Otras solicitudes tienen que ver con la inclusi\u00f3n y el apoyo para los adultos mayores, la poblaci\u00f3n en situaci\u00f3n de discapacidad<\/strong>, v\u00edctimas del conflicto armado, juventud, madres cabezas de hogar y microempresarios en proyectos de la administraci\u00f3n.<\/p>\n<p>Al concluir el Consejo Comunal, C\u00e9sar Rojas dijo que \u201cel apoyo de las comunidades que hemos visitado nos permite tejer nuevas propuestas para transformar a C\u00facuta, de la mano de un equipo contundente que lo componen hombres y mujeres l\u00edderes de cada barrio. Haremos realidad con gesti\u00f3n todas sus necesidades.\u00a0 <strong>Gracias por ser parte de un gran sue\u00f1o de construir una mejor ciudad para todos\u201d.<\/strong><\/p>\n<p><strong>Foto: PRENSA ALCALD\u00cdA<\/strong><\/p>\n<p>&nbsp; <\/p>\n","protected":false},"excerpt":{"rendered":"<p>C\u00daCUTA.- M\u00e1s de un millar de habitantes del barrio El Salado participaron en el cierre de los consejos comunales propuestos a los cucute\u00f1os. Cada ocho d\u00edas, el acalde C\u00e9sar Rojas y el gabinete llegaron a las comunas para conocer las inquietudes de las comunidades. El listado de necesidades servir\u00e1 para complementar el Plan de Desarrollo &hellip;<\/p>\n","protected":false},"author":1,"featured_media":26107,"comment_status":"open","ping_status":"open","sticky":false,"template":"","format":"standard","meta":{"footnotes":""},"categories":[2625,541,36],"tags":[2733,226,2775,2732],"class_list":["post-26106","post","type-post","status-publish","format-standard","has-post-thumbnail","hentry","category-alcaldia-de-cucuta","category-ciudad","category-la-voz-del-pueblo","tag-alcalde-cesar-rojas","tag-alcaldia-de-cucuta","tag-barrio-el-salado","tag-consejos-comunales-en-cucuta"],"_links":{"self":[{"href":"https:\/\/contraluzcucuta.co\/index.php?rest_route=\/wp\/v2\/posts\/26106","targetHints":{"allow":["GET"]}}],"collection":[{"href":"https:\/\/contraluzcucuta.co\/index.php?rest_route=\/wp\/v2\/posts"}],"about":[{"href":"https:\/\/contraluzcucuta.co\/index.php?rest_route=\/wp\/v2\/types\/post"}],"author":[{"embeddable":true,"href":"https:\/\/contraluzcucuta.co\/index.php?rest_route=\/wp\/v2\/users\/1"}],"replies":[{"embeddable":true,"href":"https:\/\/contraluzcucuta.co\/index.php?rest_route=%2Fwp%2Fv2%2Fcomments&post=26106"}],"version-history":[{"count":1,"href":"https:\/\/contraluzcucuta.co\/index.php?rest_route=\/wp\/v2\/posts\/26106\/revisions"}],"predecessor-version":[{"id":26108,"href":"https:\/\/contraluzcucuta.co\/index.php?rest_route=\/wp\/v2\/posts\/26106\/revisions\/26108"}],"wp:featuredmedia":[{"embeddable":true,"href":"https:\/\/contraluzcucuta.co\/index.php?rest_route=\/wp\/v2\/media\/26107"}],"wp:attachment":[{"href":"https:\/\/contraluzcucuta.co\/index.php?rest_route=%2Fwp%2Fv2%2Fmedia&parent=26106"}],"wp:term":[{"taxonomy":"category","embeddable":true,"href":"https:\/\/contraluzcucuta.co\/index.php?rest_route=%2Fwp%2Fv2%2Fcategories&post=26106"},{"taxonomy":"post_tag","embeddable":true,"href":"https:\/\/contraluzcucuta.co\/index.php?rest_route=%2Fwp%2Fv2%2Ftags&post=26106"}],"curies":[{"name":"wp","href":"https:\/\/api.w.org\/{rel}","templated":true}]}}