{"id":26103,"date":"2016-02-28T17:51:07","date_gmt":"2016-02-28T22:51:07","guid":{"rendered":"http:\/\/contraluzcucuta.co\/?p=26103"},"modified":"2016-03-02T20:29:36","modified_gmt":"2016-03-03T01:29:36","slug":"invitacion-canyfron-propone-reunion-santos-maduro-en-complejo-historico","status":"publish","type":"post","link":"https:\/\/contraluzcucuta.co\/?p=26103","title":{"rendered":"INVITACI\u00d3N. Canyfron propone reuni\u00f3n Santos \u2013 Maduro en Complejo Hist\u00f3rico"},"content":{"rendered":"<p><strong>CUCUTA.-<\/strong> Si <strong>los presidentes de Colombia, Juan Manuel Santos, y de Venezuela, Nicol\u00e1s Maduro, aceptan la propuesta de la Corporaci\u00f3n Acci\u00f3n Nortesantandereana y Fronteriza, podr\u00edan reunirse pronto en el Complejo Hist\u00f3rico de Villa del Rosario<\/strong>. El objetivo de la cita de los mandatarios ser\u00eda dar vigencia y proyecci\u00f3n a una innovadora y especial pol\u00edtica integracionista binacional.<\/p>\n<p>La reuni\u00f3n planteada por Canyfron se llevar\u00eda a cabo en el \u00a0\u201ccentro y pilar de la m\u00e1s obligante y recordatoria referencia hist\u00f3rica e integracionista del Continente Americano\u201d.<\/p>\n<p>El punto de partida de <strong>la propuesta es la situaci\u00f3n de crisis que afronta la frontera colombo-venezolana,<\/strong> agudizada desde agosto con el cierre del paso vehicular y peatonal por los puentes que unen a Norte de Santander con el estado T\u00e1chira.<\/p>\n<p>El texto de la misiva, firmada por Jos\u00e9 Neira Rey, presidente de la Corporaci\u00f3n, es el siguiente:<\/p>\n<p>Se\u00f1ores<\/p>\n<p>Presidentes de Colombia y Venezuela<\/p>\n<p>JUAN MANUEL SANTOS Y NICOLAS MADURO<\/p>\n<p>Palacios de Nari\u00f1o y Miraflores<\/p>\n<p>Bogot\u00e1 y Caracas<\/p>\n<p>REF: Respetuosa Invitaci\u00f3n.<\/p>\n<p>Distinguidos Se\u00f1ores\u00a0 Presidentes:<\/p>\n<p>Convencidos de la trascendencia e importancia del ejemplo, as\u00ed como de la necesidad de la uni\u00f3n y la gesti\u00f3n compartida, -impulsora de la integraci\u00f3n progresista y creadora de fuentes de trabajo y beneficios conjuntos-, de la manera m\u00e1s respetuosa y motivados por los m\u00e1ximos criterios y conceptos, que animan a nuestros diferentes agentes y voceros de las comunidades fronterizas, formulamos nuestros m\u00e1s sinceros deseos, en procura de un mayor desarrollo compartido, partiendo de la favorabilidad y\u00a0 conveniencia de la m\u00e1s pronta celebraci\u00f3n de un Encuentro Binacional Colombo-Venezolano, con el objeto, de dar vigencia y proyecci\u00f3n, a una innovadora y especial pol\u00edtica integracionista, que, permita y facilite, mediante: Est\u00edmulos, Incentivos y Mecanismos Bilaterales &#8211; el mayor y mejor aprovechamiento de las ventajas comparativas, que definen y determinan: nuestros productos y nuestra especial ubicaci\u00f3n geoestrat\u00e9gica, para la implementaci\u00f3n y establecimiento de planes, programas e iniciativas de amplio espectro y generadores de empleo.<\/p>\n<p>&nbsp;<\/p>\n<p>Adem\u00e1s, experimentar\u00edamos la mayor complacencia, para que la esperada reuni\u00f3n y encuentro Presidencial, pudiera cumplirse, en el Complejo Hist\u00f3rico de la Villa del Rosario, centro y pilar, de la m\u00e1s obligante y recordatoria referencia hist\u00f3rica e integracionista del Continente Americano.<\/p>\n<p>Se\u00f1ores Presidentes, nos anima, la certidumbre, de otorgarle a la paz y a la convivencia fraternal entre pueblos, naciones y Estados, la mayor prioridad y\u00a0 m\u00e1xima atenci\u00f3n.<\/p>\n<p>Seguros, de hallar eco y de dar origen,\u00a0 a acciones y conductas de la m\u00e1s alta significaci\u00f3n, nos entusiasma \u2013igualmente &#8211; reconocer, que, las fronteras, como\u00a0 las colombo-venezolanas , no son factores de separaci\u00f3n, sino de una noci\u00f3n y perspectiva : amplia ,generosa\u00a0 y transparente de fraternidad y mancomunidad de intereses, que aspiran, a la consolidaci\u00f3n de una integraci\u00f3n m\u00e1s constructiva y de un verdadero y aut\u00e9ntico alcance y proyecci\u00f3n en pol\u00edticas de Estado,\u00a0 de car\u00e1cter nacional, binacional e internacional.<\/p>\n<p>Atentamente,<\/p>\n<p>JOSE NEIRA REY<\/p>\n<p>Presidente\u00a0 Junta\u00a0 Directiva<\/p>\n<p><strong>Foto: <a href=\"http:\/\/www.contraluzcucuta.co\">www.contraluzcucuta.co<\/a><\/strong><\/p>\n<p>&nbsp;<\/p>\n<p>&nbsp; <\/p>\n","protected":false},"excerpt":{"rendered":"<p>CUCUTA.- Si los presidentes de Colombia, Juan Manuel Santos, y de Venezuela, Nicol\u00e1s Maduro, aceptan la propuesta de la Corporaci\u00f3n Acci\u00f3n Nortesantandereana y Fronteriza, podr\u00edan reunirse pronto en el Complejo Hist\u00f3rico de Villa del Rosario. El objetivo de la cita de los mandatarios ser\u00eda dar vigencia y proyecci\u00f3n a una innovadora y especial pol\u00edtica integracionista &hellip;<\/p>\n","protected":false},"author":1,"featured_media":26104,"comment_status":"open","ping_status":"open","sticky":false,"template":"","format":"standard","meta":{"footnotes":""},"categories":[7,556,32],"tags":[2774,2483,2773],"class_list":["post-26103","post","type-post","status-publish","format-standard","has-post-thumbnail","hentry","category-acontecimientos","category-departamento","category-recorrido-por-la-region","tag-complejo-historico-de-villa-del-rosario","tag-crisis-en-la-frontera","tag-presidentes-santos-y-maduro"],"_links":{"self":[{"href":"https:\/\/contraluzcucuta.co\/index.php?rest_route=\/wp\/v2\/posts\/26103","targetHints":{"allow":["GET"]}}],"collection":[{"href":"https:\/\/contraluzcucuta.co\/index.php?rest_route=\/wp\/v2\/posts"}],"about":[{"href":"https:\/\/contraluzcucuta.co\/index.php?rest_route=\/wp\/v2\/types\/post"}],"author":[{"embeddable":true,"href":"https:\/\/contraluzcucuta.co\/index.php?rest_route=\/wp\/v2\/users\/1"}],"replies":[{"embeddable":true,"href":"https:\/\/contraluzcucuta.co\/index.php?rest_route=%2Fwp%2Fv2%2Fcomments&post=26103"}],"version-history":[{"count":1,"href":"https:\/\/contraluzcucuta.co\/index.php?rest_route=\/wp\/v2\/posts\/26103\/revisions"}],"predecessor-version":[{"id":26105,"href":"https:\/\/contraluzcucuta.co\/index.php?rest_route=\/wp\/v2\/posts\/26103\/revisions\/26105"}],"wp:featuredmedia":[{"embeddable":true,"href":"https:\/\/contraluzcucuta.co\/index.php?rest_route=\/wp\/v2\/media\/26104"}],"wp:attachment":[{"href":"https:\/\/contraluzcucuta.co\/index.php?rest_route=%2Fwp%2Fv2%2Fmedia&parent=26103"}],"wp:term":[{"taxonomy":"category","embeddable":true,"href":"https:\/\/contraluzcucuta.co\/index.php?rest_route=%2Fwp%2Fv2%2Fcategories&post=26103"},{"taxonomy":"post_tag","embeddable":true,"href":"https:\/\/contraluzcucuta.co\/index.php?rest_route=%2Fwp%2Fv2%2Ftags&post=26103"}],"curies":[{"name":"wp","href":"https:\/\/api.w.org\/{rel}","templated":true}]}}