{"id":26089,"date":"2016-02-26T15:25:40","date_gmt":"2016-02-26T20:25:40","guid":{"rendered":"http:\/\/contraluzcucuta.co\/?p=26089"},"modified":"2016-02-26T15:25:40","modified_gmt":"2016-02-26T20:25:40","slug":"cucuta-deportivo-nunca-hemos-tenido-la-intencion-del-llevarnos-al-equipo","status":"publish","type":"post","link":"https:\/\/contraluzcucuta.co\/?p=26089","title":{"rendered":"C\u00daCUTA DEPORTIVO. \u00a0\u201cNunca hemos tenido la intenci\u00f3n del llevarnos al equipo\u201d"},"content":{"rendered":"<p><strong>C\u00daCUTA.-<\/strong> \u201cNunca hemos tenido la intenci\u00f3n del llevarnos al C\u00facuta Deportivo para otra ciudad\u201d, dijo de manera tajante el presidente del club Jos\u00e9 Augusto Cadena. Explic\u00f3 que a comienzos de a\u00f1o no ten\u00eda escenario para disputar el torneo y que de ah\u00ed surgi\u00f3 la duda de la partida del once motil\u00f3n para otro lugar.<\/p>\n<p>Desde la llegada del directivo para tomar las riendas del cuadro rojinegro en la capital de Norte de Santander ha rondado el fantasma del trasteo a otra ciudad y se dieron nombres de esos lugares a donde ir\u00eda. Algunos de los aficionados mantienen esa creencia y lo sostienen con la contrataci\u00f3n de jugadores y la conformaci\u00f3n del elenco.<\/p>\n<p>\u201cNunca ha sido una decisi\u00f3n nuestra jugar en otra ciudad\u201d, reiter\u00f3 Cadena en conversaci\u00f3n telef\u00f3nica con el equipo period\u00edstico del espacio radial Radar del Deporte. A la salida del \u00faltimo partido en el General Santander miembros de las barras populares arengaron contra el directivo y en una pancarta los tildaron de \u201cmercenario del f\u00fatbol\u201d.<\/p>\n<p>El disgusto de los seguidores del cuadro fronterizo tiene diversos motivos, entre los que destacan:<\/p>\n<p>1.- El alto costo de la boleter\u00eda para el torneo de la B.<\/p>\n<p>2.- En la n\u00f3mina no hay jugadores que marquen diferencia.<\/p>\n<p>3.- La permanencia de Cadena en la presidencia.<\/p>\n<p>El accionista mayoritario respondi\u00f3 a cada uno de esos cuestionamientos. Los problemas que acosan al club cucute\u00f1o son muchos y se ha dado soluci\u00f3n a los urgentes:<\/p>\n<p>1.- En enero, no hab\u00eda escenario para jugar, se consigui\u00f3 el estadio.<\/p>\n<p>2.- Se mantiene el compromiso con la Superintendencia de Sociedades.<\/p>\n<p>3.- Ten\u00eda que armarse el equipo y no era f\u00e1cil.<\/p>\n<p>\u201cLo primero que tiene que mirar la gente es la decisi\u00f3n que tenemos de regresar el equipo a la primera divisi\u00f3n. Si no quisi\u00e9ramos salir de la B hubi\u00e9ramos armado un equipo con juveniles, como lo ha hecho la mayor\u00eda de los equipos de la B\u201d, dijo Jos\u00e9 Augusto Cadena.<\/p>\n<p>Los seguidores del once motil\u00f3n se sorprendieron con los precios de la boleter\u00eda en el General Santander. Al compararlos con los de otras plazas, acompa\u00f1ar al C\u00facuta Deportivo resulta costoso. \u201cQuisiera que revisaran los costos que tenemos para organizar un partido\u201d, respondi\u00f3 el presidente.<\/p>\n<p>Las cuentas se vuelven onerosas al sumar el valor del pr\u00e9stamo del estadio, que subi\u00f3 respecto al 2015; el impuesto municipal por espect\u00e1culos tambi\u00e9n se increment\u00f3, y los costos fijos, en cambio de disminuir han subido. \u201cEstamos en la B y nos cobran como equipo que juega en la A\u201d.<\/p>\n<p>Para analizar ese asunto y mirar la posibilidad de bajar los precios a las entradas, est\u00e1 en consideraci\u00f3n una reuni\u00f3n, la pr\u00f3xima semana, para ver de qu\u00e9 manera puede satisfacerse el sentimiento de los hinchas. \u201cVamos a hacer un experimento para ver si bajando la boleter\u00eda se incrementa la presencia de los aficionados en el estadio\u201d.<\/p>\n<p>Desde el primer campeonato del 2015, cuando el C\u00facuta a\u00fan hac\u00eda parte de los 20 equipos de la primera divisi\u00f3n del f\u00fatbol profesional colombiano, los grader\u00edos aparecen desocupados. Por decisi\u00f3n propia desaparecieron de las tribunas las barras Radio Iris, San Crist\u00f3bal, Mancha Roja y Negra, Corriente Roja y Negra, Los Legales, Los Mojados, Panchera, La Parada, Soy Rojinegro, La Kennedy y San Jos\u00e9, entre muchas otras.<\/p>\n<p>Los trapos que descolgaban en Oriental, Occidental, Norte y Sur se esfumaron junto a los bombos que retumbaban en el General. Ese ambiente festivo llev\u00f3 a los rivales a tenerle miedo al fort\u00edn rojinegro y a venir con recelo, porque los aguardaban 90 minutos cargados de hostilidad y pasi\u00f3n.<\/p>\n<p>En el torneo de la B el C\u00facuta ha disputado dos partidos y solo ha conseguido un punto, merced al empate como local contra Universitario de Popay\u00e1n. \u201cEste es un equipo nuevo, hay que darle tiempo. Hay jugadores que no llegaron bien en la parte f\u00edsica\u201d, se disculp\u00f3 Cadena. Y dijo sentirse tranquilo, porque en la titular cuenta con jugadores de experiencia y con recorrido, entre quienes destacan Leandro Graci\u00e1n y Roberto Nani.<\/p>\n<p>Confi\u00f3 en que al final del campeonato la presencia de esos futbolistas, que se contrataron con la bendici\u00f3n del t\u00e9cnico Miguel Augusto Prince, marcar\u00e1 diferencia. Vaticin\u00f3 que el equipo ir\u00e1 de menos a m\u00e1s. \u201cDe aqu\u00ed a junio, la meta es estar en los cinco primeros lugares y mirar qu\u00e9 nos hace falta para encarar el segundo semestre\u201d.<\/p>\n<p>La camiseta rojinegra, que estrena dise\u00f1o en este a\u00f1o, est\u00e1 despejada de patrocinadores. Los anunciantes, tambi\u00e9n, desaparecieron. Para Cadena ese no es un secreto. Record\u00f3 que cuando lleg\u00f3, el C\u00facuta se manten\u00eda solo con la voluntad pol\u00edtica. Es decir, con apoyo de la Gobernaci\u00f3n y la Alcald\u00eda.<\/p>\n<p>\u201cPol\u00edticamente, no hemos tenido esa gracia con las administraciones departamental y municipal para que patrocinen al equipo. Hist\u00f3ricamente, el C\u00facuta no ha sido un equipo que haya tra\u00eddo marcas nacionales para patrocinar el equipo\u201d.<\/p>\n<p>El \u00faltimo de los inconvenientes surgidos en las huestes motilonas corre por cuenta de los jugadores. Se unieron y pasaron una carta al presidente Cadena en la que expresan inconformismo con las canchas donde hacen las pr\u00e1cticas. \u201cEst\u00e1n cansados con las canchas sint\u00e9ticas. Hab\u00eda el compromiso de encontrar buenas canchas (Sena y Comfanorte). Los jugadores se est\u00e1n quejando\u201d.<\/p>\n<p>Mientras llegan las soluciones a tantos problemas, los aficionados esperan que el equipo sea el mismo de otras tardes gloriosas en el General Santander.<\/p>\n<p><strong>RAFAEL ANTONIO PAB\u00d3N<\/strong><\/p>\n<p><strong>rafaelpabon58@hotmail.com<\/strong><\/p>\n<p><strong>Entrevista: RADAR DEL DEPORTE<\/strong><\/p>\n<p><strong>Foto:\u00a0<\/strong><strong>DIANA BOTELLO<\/strong><\/p>\n<p>&nbsp;<\/p>\n<p>&nbsp; <\/p>\n","protected":false},"excerpt":{"rendered":"<p>C\u00daCUTA.- \u201cNunca hemos tenido la intenci\u00f3n del llevarnos al C\u00facuta Deportivo para otra ciudad\u201d, dijo de manera tajante el presidente del club Jos\u00e9 Augusto Cadena. Explic\u00f3 que a comienzos de a\u00f1o no ten\u00eda escenario para disputar el torneo y que de ah\u00ed surgi\u00f3 la duda de la partida del once motil\u00f3n para otro lugar. Desde &hellip;<\/p>\n","protected":false},"author":1,"featured_media":26090,"comment_status":"open","ping_status":"open","sticky":false,"template":"","format":"standard","meta":{"footnotes":""},"categories":[28],"tags":[2628,1396,1166,301,2509,2744],"class_list":["post-26089","post","type-post","status-publish","format-standard","has-post-thumbnail","hentry","category-vistazo-deportivo","tag-cucuta-deportivo-2016","tag-dimayor","tag-estadio-general-santander","tag-futbol-profesional-colombiano","tag-jose-augusto-cadena","tag-torneo-aguila"],"_links":{"self":[{"href":"https:\/\/contraluzcucuta.co\/index.php?rest_route=\/wp\/v2\/posts\/26089","targetHints":{"allow":["GET"]}}],"collection":[{"href":"https:\/\/contraluzcucuta.co\/index.php?rest_route=\/wp\/v2\/posts"}],"about":[{"href":"https:\/\/contraluzcucuta.co\/index.php?rest_route=\/wp\/v2\/types\/post"}],"author":[{"embeddable":true,"href":"https:\/\/contraluzcucuta.co\/index.php?rest_route=\/wp\/v2\/users\/1"}],"replies":[{"embeddable":true,"href":"https:\/\/contraluzcucuta.co\/index.php?rest_route=%2Fwp%2Fv2%2Fcomments&post=26089"}],"version-history":[{"count":1,"href":"https:\/\/contraluzcucuta.co\/index.php?rest_route=\/wp\/v2\/posts\/26089\/revisions"}],"predecessor-version":[{"id":26091,"href":"https:\/\/contraluzcucuta.co\/index.php?rest_route=\/wp\/v2\/posts\/26089\/revisions\/26091"}],"wp:featuredmedia":[{"embeddable":true,"href":"https:\/\/contraluzcucuta.co\/index.php?rest_route=\/wp\/v2\/media\/26090"}],"wp:attachment":[{"href":"https:\/\/contraluzcucuta.co\/index.php?rest_route=%2Fwp%2Fv2%2Fmedia&parent=26089"}],"wp:term":[{"taxonomy":"category","embeddable":true,"href":"https:\/\/contraluzcucuta.co\/index.php?rest_route=%2Fwp%2Fv2%2Fcategories&post=26089"},{"taxonomy":"post_tag","embeddable":true,"href":"https:\/\/contraluzcucuta.co\/index.php?rest_route=%2Fwp%2Fv2%2Ftags&post=26089"}],"curies":[{"name":"wp","href":"https:\/\/api.w.org\/{rel}","templated":true}]}}