{"id":26086,"date":"2016-02-26T15:13:27","date_gmt":"2016-02-26T20:13:27","guid":{"rendered":"http:\/\/contraluzcucuta.co\/?p=26086"},"modified":"2016-02-28T20:53:52","modified_gmt":"2016-02-29T01:53:52","slug":"accion-urgente-fundacion-progresar-preocupada-por-limpieza-social","status":"publish","type":"post","link":"https:\/\/contraluzcucuta.co\/?p=26086","title":{"rendered":"ACCI\u00d3N URGENTE. Fundaci\u00f3n Progresar, preocupada por \u2018limpieza social\u2019"},"content":{"rendered":"<p><strong>C\u00daCUTA.-<\/strong> <strong>Habitantes de C\u00facuta, Villa del Rosario, Puerto Santander, Sardinata, Tib\u00fa, Oca\u00f1a, Toledo, Herr\u00e1n y Ragonvalia son objeto de intimidaciones contra la vida.<\/strong> En los nueve municipios se han distribuido panfletos y pintado grafitis que anuncian \u2018operaciones\u2019 de la mal llamada \u2018limpieza social\u2019.<\/p>\n<p><strong>La Fundaci\u00f3n Progresar \u2013 C\u00facuta advirti\u00f3 que los hechos reiterados de violencia, \u00a0ocurridos en algunas regiones de Norte de Santander, ponen en riesgo los derechos a la vida<\/strong>, la integridad y la libertad de la ciudadan\u00eda y el libre ejercicio a defender los derechos humanos de los colombianos. La declaraci\u00f3n la hizo mediante comunicado divulgado en las \u00faltimas horas.<\/p>\n<p>El director de la ONG, Wilfredo Ca\u00f1izares, se\u00f1al\u00f3 que\u00a0 <strong>este tipo de estrategia repudiable es propio del actuar de grupos armados ilegales<\/strong> de paramilitares, bandas criminales y delincuencia organizada.<\/p>\n<p>Los miembros de esas agrupaciones \u00a0<strong>pretenden demostrar su poder mediante el uso de la violencia indiscriminada<\/strong>, como forma de ganar el control cuando tratan de llegar a nuevos o viejos territorios, cometiendo, incluso, masacres como las recientes en la capital del departamento y Sardinata.<\/p>\n<p>Desde el 2005, se han consolidado en cada vez m\u00e1s amplios sectores urbanos de los principales municipios los grupos armados \u2018\u00c1guilas Negras\u2019, Autodefensas, \u2018Gaitanistas\u2019, \u2018Urabe\u00f1os\u2019 y \u2018Rastrojos\u2019. A esos grupos se suman las \u201credes mafiosas dedicadas al narcotr\u00e1fico y a todo tipo de contrabando\u201d, manifest\u00f3 Ca\u00f1izares.<\/p>\n<p>El director de la Fundaci\u00f3n se quej\u00f3 por la <strong>carencia de una respuesta efectiva e integral de las autoridades civiles y policiales, para erradicar estos fen\u00f3menos ilegales.<\/strong><\/p>\n<p>Como consecuencia de lo ocurrido, <strong>el 2015 dej\u00f3 datos lamentables para los nortesantandereanos:<\/strong><\/p>\n<p><strong>1.- Fuentes oficiales reportaron que en C\u00facuta ocurrieron 177 homicidios.<\/strong><\/p>\n<p>2.- De las muertes violentas, \u00a0133 se cometieron mediante la modalidad de sicariato.<\/p>\n<p>3.- Se denunciaron 164 casos de desaparecidas.<\/p>\n<p>4.- La Fundaci\u00f3n recibi\u00f3, en los primeros 45 d\u00edas del nuevo a\u00f1o, 17 casos de amenazas directas contra l\u00edderes comunales, v\u00edctimas, sindicalistas y defensores de derechos humanos.<\/p>\n<p>\u201cAnte la gravedad de estos hechos, <strong>hacemos un llamado urgente al Gobierno<\/strong>\u201d, en cumplimiento de sus obligaciones constitucionales, tome de manera inmediata medidas efectivas que protejan los derechos fundamentales de la comunidad.<\/p>\n<p>Wilfredo Ca\u00f1izares incluy\u00f3 en el llamado al ministro del Interior, Juan Fernando Cristo, y al de director del programa presidencial de derechos humanos, Guillermo Rivera.<\/p>\n<p><strong>Foto:\u00a0 questiondigital.com<\/strong><\/p>\n<p><strong>\u00a0<\/strong> <\/p>\n","protected":false},"excerpt":{"rendered":"<p>C\u00daCUTA.- Habitantes de C\u00facuta, Villa del Rosario, Puerto Santander, Sardinata, Tib\u00fa, Oca\u00f1a, Toledo, Herr\u00e1n y Ragonvalia son objeto de intimidaciones contra la vida. En los nueve municipios se han distribuido panfletos y pintado grafitis que anuncian \u2018operaciones\u2019 de la mal llamada \u2018limpieza social\u2019. La Fundaci\u00f3n Progresar \u2013 C\u00facuta advirti\u00f3 que los hechos reiterados de violencia, &hellip;<\/p>\n","protected":false},"author":1,"featured_media":26087,"comment_status":"open","ping_status":"open","sticky":false,"template":"","format":"standard","meta":{"footnotes":""},"categories":[11,6],"tags":[831,2771,840],"class_list":["post-26086","post","type-post","status-publish","format-standard","has-post-thumbnail","hentry","category-cronica-roja","category-ojo-avizor","tag-fundacion-progresar-cucuta","tag-limpieza-social","tag-wilfredo-canizares"],"_links":{"self":[{"href":"https:\/\/contraluzcucuta.co\/index.php?rest_route=\/wp\/v2\/posts\/26086","targetHints":{"allow":["GET"]}}],"collection":[{"href":"https:\/\/contraluzcucuta.co\/index.php?rest_route=\/wp\/v2\/posts"}],"about":[{"href":"https:\/\/contraluzcucuta.co\/index.php?rest_route=\/wp\/v2\/types\/post"}],"author":[{"embeddable":true,"href":"https:\/\/contraluzcucuta.co\/index.php?rest_route=\/wp\/v2\/users\/1"}],"replies":[{"embeddable":true,"href":"https:\/\/contraluzcucuta.co\/index.php?rest_route=%2Fwp%2Fv2%2Fcomments&post=26086"}],"version-history":[{"count":1,"href":"https:\/\/contraluzcucuta.co\/index.php?rest_route=\/wp\/v2\/posts\/26086\/revisions"}],"predecessor-version":[{"id":26088,"href":"https:\/\/contraluzcucuta.co\/index.php?rest_route=\/wp\/v2\/posts\/26086\/revisions\/26088"}],"wp:featuredmedia":[{"embeddable":true,"href":"https:\/\/contraluzcucuta.co\/index.php?rest_route=\/wp\/v2\/media\/26087"}],"wp:attachment":[{"href":"https:\/\/contraluzcucuta.co\/index.php?rest_route=%2Fwp%2Fv2%2Fmedia&parent=26086"}],"wp:term":[{"taxonomy":"category","embeddable":true,"href":"https:\/\/contraluzcucuta.co\/index.php?rest_route=%2Fwp%2Fv2%2Fcategories&post=26086"},{"taxonomy":"post_tag","embeddable":true,"href":"https:\/\/contraluzcucuta.co\/index.php?rest_route=%2Fwp%2Fv2%2Ftags&post=26086"}],"curies":[{"name":"wp","href":"https:\/\/api.w.org\/{rel}","templated":true}]}}