{"id":26083,"date":"2016-02-26T14:58:26","date_gmt":"2016-02-26T19:58:26","guid":{"rendered":"http:\/\/contraluzcucuta.co\/?p=26083"},"modified":"2016-02-28T18:26:57","modified_gmt":"2016-02-28T23:26:57","slug":"crisis-en-venezuela-diario-catolico-circulara-como-semanario","status":"publish","type":"post","link":"https:\/\/contraluzcucuta.co\/?p=26083","title":{"rendered":"CRISIS EN VENEZUELA. Diario Cat\u00f3lico circular\u00e1 como semanario"},"content":{"rendered":"<p><strong>SAN CRIST\u00d3BAL<\/strong> <strong>\u2013 Venezuela.-<\/strong> La crisis econ\u00f3mica y social que vive Venezuela hace un par de a\u00f1os golpea a los medios de comunicaci\u00f3n. Meses atr\u00e1s peri\u00f3dicos del interior del pa\u00eds han anunciado la salida de circulaci\u00f3n o la baja en la tirada diaria. Ahora, el Diario Cat\u00f3lico toma la decisi\u00f3n de convertirse en semanario.<\/p>\n<p>El obispo Mario Moronta Rodr\u00edguez comunic\u00f3 la determinaci\u00f3n al presbiterio diocesano y a la comunidad cat\u00f3lica del estado T\u00e1chira. La situaci\u00f3n del pa\u00eds, tambi\u00e9n, toca a las instituciones sin fines de lucro. Una vez efectuadas las consultas a la Fundaci\u00f3n Diario Cat\u00f3lico, al Consejo Presbiteral y a otros asesores se convino en cambiar la frecuencia de edici\u00f3n diaria a semanal.<\/p>\n<p>Monse\u00f1or Moronta agradeci\u00f3 la disposici\u00f3n de colaboradores, empleados, suscritores y feligres\u00eda para apoyar de diverso modo el trabajo evangelizador efectuado por el medio impreso por m\u00e1s de 90 a\u00f1os. \u201cLas dificultades para conseguir insumos, as\u00ed como el alza de los precios, a veces de manera indiscriminada, causa serias dificultades a todos\u201d, escribi\u00f3 el prelado tachirense.<\/p>\n<p>En este momento de crisis, el jerarca de la Iglesia se\u00f1al\u00f3 que no resulta posible siempre satisfacer las necesidades propias de cada familia e instituci\u00f3n. Esto ha obligado a tomar medidas de austeridad urgentes, sobre todo en instituciones que no tienen fines de lucro y que est\u00e1n al servicio de las comunidades.<\/p>\n<p>El Diario Cat\u00f3lico no ha escapado a estos problemas. Durante m\u00e1s de 90 a\u00f1os ha prestado el servicio evangelizador desde la comunicaci\u00f3n social. \u201cHasta ahora, superando escollos y dificultades, ha logrado ir saliendo para cumplir su misi\u00f3n eclesial\u201d, dijo monse\u00f1or Moronta. Reflexion\u00f3\u00a0 \u00a0que ahora resulta casi imposible cumplir cabalmente la misi\u00f3n de este \u00f3rgano diocesano de prensa y comunicaci\u00f3n social.<\/p>\n<p>Luego de las consultas pertinentes se ha tomado la decisi\u00f3n de cambiar el formato del matutino. \u201cPara cumplir con el objetivo y brindar un adecuado servicio a la Iglesia y a la sociedad, a partir de marzo no saldr\u00e1 diariamente, sino de manera semanal\u201d.<\/p>\n<p>En el mensaje, el obispo de San Crist\u00f3bal expresa la esperanza de servir a los tachirenses con el nuevo formato y cumplir con el apostolado evangelizador desde la comunicaci\u00f3n. \u201cPedimos la ayuda de la gracia de Dios para esta nueva etapa del Diario Cat\u00f3lico. Estamos seguros de que con su ayuda podremos seguir adelante. Nuestra Se\u00f1ora de la Consolaci\u00f3n nos acompa\u00f1e con su maternal protecci\u00f3n\u201d, escribi\u00f3 monse\u00f1or Mario Moronta.<\/p>\n<p><strong>Foto: PRENSA DI\u00d3CESISSC<\/strong><\/p>\n<p>&nbsp;<\/p>\n<p>&nbsp; <\/p>\n","protected":false},"excerpt":{"rendered":"<p>SAN CRIST\u00d3BAL \u2013 Venezuela.- La crisis econ\u00f3mica y social que vive Venezuela hace un par de a\u00f1os golpea a los medios de comunicaci\u00f3n. Meses atr\u00e1s peri\u00f3dicos del interior del pa\u00eds han anunciado la salida de circulaci\u00f3n o la baja en la tirada diaria. Ahora, el Diario Cat\u00f3lico toma la decisi\u00f3n de convertirse en semanario. El &hellip;<\/p>\n","protected":false},"author":1,"featured_media":26084,"comment_status":"open","ping_status":"open","sticky":false,"template":"","format":"standard","meta":{"footnotes":""},"categories":[7,39,6],"tags":[1569,1164,2769,2770],"class_list":["post-26083","post","type-post","status-publish","format-standard","has-post-thumbnail","hentry","category-acontecimientos","category-miradas-ajenas","category-ojo-avizor","tag-cierre-de-frontera-colombo-venezolana","tag-crisis-en-venezuela","tag-diario-catolico","tag-obispo-mario-moronta-rodriguez"],"_links":{"self":[{"href":"https:\/\/contraluzcucuta.co\/index.php?rest_route=\/wp\/v2\/posts\/26083","targetHints":{"allow":["GET"]}}],"collection":[{"href":"https:\/\/contraluzcucuta.co\/index.php?rest_route=\/wp\/v2\/posts"}],"about":[{"href":"https:\/\/contraluzcucuta.co\/index.php?rest_route=\/wp\/v2\/types\/post"}],"author":[{"embeddable":true,"href":"https:\/\/contraluzcucuta.co\/index.php?rest_route=\/wp\/v2\/users\/1"}],"replies":[{"embeddable":true,"href":"https:\/\/contraluzcucuta.co\/index.php?rest_route=%2Fwp%2Fv2%2Fcomments&post=26083"}],"version-history":[{"count":1,"href":"https:\/\/contraluzcucuta.co\/index.php?rest_route=\/wp\/v2\/posts\/26083\/revisions"}],"predecessor-version":[{"id":26085,"href":"https:\/\/contraluzcucuta.co\/index.php?rest_route=\/wp\/v2\/posts\/26083\/revisions\/26085"}],"wp:featuredmedia":[{"embeddable":true,"href":"https:\/\/contraluzcucuta.co\/index.php?rest_route=\/wp\/v2\/media\/26084"}],"wp:attachment":[{"href":"https:\/\/contraluzcucuta.co\/index.php?rest_route=%2Fwp%2Fv2%2Fmedia&parent=26083"}],"wp:term":[{"taxonomy":"category","embeddable":true,"href":"https:\/\/contraluzcucuta.co\/index.php?rest_route=%2Fwp%2Fv2%2Fcategories&post=26083"},{"taxonomy":"post_tag","embeddable":true,"href":"https:\/\/contraluzcucuta.co\/index.php?rest_route=%2Fwp%2Fv2%2Ftags&post=26083"}],"curies":[{"name":"wp","href":"https:\/\/api.w.org\/{rel}","templated":true}]}}