{"id":26080,"date":"2016-02-26T14:39:29","date_gmt":"2016-02-26T19:39:29","guid":{"rendered":"http:\/\/contraluzcucuta.co\/?p=26080"},"modified":"2016-02-28T17:57:04","modified_gmt":"2016-02-28T22:57:04","slug":"deportista-acord-2016-jossimar-calvo-sinonimo-de-triunfo-y-dedicacion","status":"publish","type":"post","link":"https:\/\/contraluzcucuta.co\/?p=26080","title":{"rendered":"DEPORTISTA ACORD \u2013 2015. Jossimar Calvo, sin\u00f3nimo de triunfo y dedicaci\u00f3n"},"content":{"rendered":"<p><strong>C\u00daCUTA.-<\/strong> Decir Jossimar Calvo en Colombia es sin\u00f3nimo de triunfo, dedicaci\u00f3n al deporte, paciencia con la vida y serenidad para encarar retos. <strong>El gimnasta cucute\u00f1o ha ganado cuanta medalla se ha propuesto<\/strong> y en cuanto torneo ha participado. Hasta recibi\u00f3 el bot\u00f3n de la paloma de la paz, otorgado por la presidencia de la rep\u00fablica.<\/p>\n<p>Sus logros en los Panamericanos de Toronto (Canad\u00e1) emocionaron al m\u00e1ximo al presidente Juan Manuel Santos y anunci\u00f3 que la Ley del Deporte llevar\u00e1 el nombre de este joven t\u00edmido en el piso y agresivo en los anillos, las barras paralelas y las asim\u00e9tricas.<\/p>\n<p>Ahora, como m\u00e1ximo reconocimiento al esfuerzo, <strong>la Asociaci\u00f3n Colombiana de Periodistas Deportivos (Acord Colombia) lo distingui\u00f3 como el mejor deportista en el pa\u00eds, durante la temporada 2015<\/strong>. Los expertos lo vieron como el joven de mayor proyecci\u00f3n en el ciclo ol\u00edmpico, que tendr\u00e1 la m\u00e1xima cita en R\u00edo de Janeiro.<\/p>\n<p>Otro galard\u00f3n que lleva a casa para compartir, con la humildad que lo caracteriza, con su madre Nohora, modista de profesi\u00f3n y quien desde el principio lo apoy\u00f3 para que siguiera esta disciplina, que quiz\u00e1s naci\u00f3 cuando trataba de imitar las piruetas que Jean-Claude Van Damme hac\u00eda en las pel\u00edculas.<\/p>\n<p>Luego, una profesora, al ver la plasticidad del ni\u00f1o, no lo dej\u00f3 ser futbolista, como hubiera querido y como era el sue\u00f1o paterno. En ese deporte tiene como \u00eddolo a Ronaldo, aunque juega como volante por la izquierda cuando los amigos lo convidan y no est\u00e1 metido en el gimnasio para preparar las rutinas con las que se colgar\u00e1 m\u00e1s preseas doradas.<\/p>\n<p><strong>En el Barrio Belisario, de la Ciudadela Juan Atalaya, vivi\u00f3 la infancia.<\/strong> En esos primeros a\u00f1os de vida el compromiso con el deporte no era tan en serio. Lo practicaba m\u00e1s por diversi\u00f3n, por jugar con los amigos, por pasar momentos diferentes a los de los ni\u00f1os vecinos. Hasta que lleg\u00f3 el gusano que lo motiv\u00f3 y lo hizo reaccionar.<\/p>\n<p>Ocurri\u00f3 en Medell\u00edn, en un torneo nacional, cuando gan\u00f3 dos preseas de bronce. Al ver esos trofeos en las manos pens\u00f3 que ese ser\u00eda su futuro y que en pocos a\u00f1os deb\u00eda ser considerado deportista de alto rendimiento. La meta se cumpli\u00f3 y <strong>hoy tiene en casa, mal contadas, 200 medallas de los tres metales.<\/strong><\/p>\n<p>Por ahora, la que ocupa el primer lugar en las preferencias es la que gan\u00f3 en los Panamericanos de M\u00e9xico, en el 2011. Y <strong>en un sitio especial de una de las paredes de la vivienda pegar\u00e1 la que consiga en R\u00edo de Janeiro. As\u00ed est\u00e1 planificado.<\/strong><\/p>\n<p>El tiempo ha corrido en la vida de Jossimar \u00a0y los \u00e9xitos han llegado por su deseo constante de superaci\u00f3n. A los 21 a\u00f1os, es el mejor gimnasta en la historia de Colombia. En los Panamericanos de Toronto se convirti\u00f3 en el primer colombiano en ganar tres medallas de oro y cinco en total. En el 2015, tambi\u00e9n domin\u00f3 dos paradas de la Copa Mundo de Gimnasia y se constituy\u00f3 en la figura de los Nacionales de Ibagu\u00e9.<\/p>\n<p><strong>La hoja de vida la completa con las medallas de oro en<\/strong> los Panamericanos \u00a0de Guadalajara (2014); los mundiales en B\u00e9lgica y en Eslovenia; el Challenger Cup de Croacia (2013); los Centroamericanos y del Caribe (2014); los Sudamericanos del 2014; la Copa Mundo de Incheon (Corea del Sur \u2013 2014) y los Panamericanos de Toronto (2015).<\/p>\n<p>Otras participaciones son:<\/p>\n<p>1.- American Cup. Texas 2015, torneo que reuni\u00f3 a los nueve mejores gimnastas del mundo. Calvo ocup\u00f3 la sexta casilla.<\/p>\n<p>2.- \u00a0Nacionales 2012. Obtuvo 7 preseas de oro.<\/p>\n<p>3.- Medallas de plata en los mundiales de Alemania y Catar.<\/p>\n<p>La preparaci\u00f3n para cumplir el sue\u00f1o ol\u00edmpico iniciar\u00e1 con el preol\u00edmpico, en R\u00edo de Janeiro, el Pacific Rim (Estados Unidos) y las Copas del Mundo (Sao Pablo &#8211; Brasil y Anaia \u2013 Portugal). Siempre ir\u00e1 de la mano del profesor Jairo Ruiz, escogido por la Acord como el mejor entrenador de Colombia (Foto).<\/p>\n<p><strong>La Ley del Deporte \u2018Jossimar Calvo\u2019 es un proyecto que pretende ayudar al deporte nacional con incentivos econ\u00f3micos,<\/strong> mejores sedes en los campos de entrenamiento, fortalecimiento de las instituciones encargadas de administrar los recursos del deporte departamental y la creaci\u00f3n de la Comisi\u00f3n Disciplinaria Antidopaje.<\/p>\n<p><strong>Foto:\u00a0ARNULFO S\u00c1NCHEZ <\/strong><\/p>\n<p><strong>Presidente Acord Norte de Santander<\/strong><\/p>\n<p><strong>\u00a0<\/strong> <\/p>\n","protected":false},"excerpt":{"rendered":"<p>C\u00daCUTA.- Decir Jossimar Calvo en Colombia es sin\u00f3nimo de triunfo, dedicaci\u00f3n al deporte, paciencia con la vida y serenidad para encarar retos. El gimnasta cucute\u00f1o ha ganado cuanta medalla se ha propuesto y en cuanto torneo ha participado. Hasta recibi\u00f3 el bot\u00f3n de la paloma de la paz, otorgado por la presidencia de la rep\u00fablica. &hellip;<\/p>\n","protected":false},"author":1,"featured_media":26092,"comment_status":"open","ping_status":"open","sticky":false,"template":"","format":"standard","meta":{"footnotes":""},"categories":[28],"tags":[1605,639],"class_list":["post-26080","post","type-post","status-publish","format-standard","has-post-thumbnail","hentry","category-vistazo-deportivo","tag-gimnasia-de-norte-de-santander","tag-jossimar-calvo"],"_links":{"self":[{"href":"https:\/\/contraluzcucuta.co\/index.php?rest_route=\/wp\/v2\/posts\/26080","targetHints":{"allow":["GET"]}}],"collection":[{"href":"https:\/\/contraluzcucuta.co\/index.php?rest_route=\/wp\/v2\/posts"}],"about":[{"href":"https:\/\/contraluzcucuta.co\/index.php?rest_route=\/wp\/v2\/types\/post"}],"author":[{"embeddable":true,"href":"https:\/\/contraluzcucuta.co\/index.php?rest_route=\/wp\/v2\/users\/1"}],"replies":[{"embeddable":true,"href":"https:\/\/contraluzcucuta.co\/index.php?rest_route=%2Fwp%2Fv2%2Fcomments&post=26080"}],"version-history":[{"count":4,"href":"https:\/\/contraluzcucuta.co\/index.php?rest_route=\/wp\/v2\/posts\/26080\/revisions"}],"predecessor-version":[{"id":26095,"href":"https:\/\/contraluzcucuta.co\/index.php?rest_route=\/wp\/v2\/posts\/26080\/revisions\/26095"}],"wp:featuredmedia":[{"embeddable":true,"href":"https:\/\/contraluzcucuta.co\/index.php?rest_route=\/wp\/v2\/media\/26092"}],"wp:attachment":[{"href":"https:\/\/contraluzcucuta.co\/index.php?rest_route=%2Fwp%2Fv2%2Fmedia&parent=26080"}],"wp:term":[{"taxonomy":"category","embeddable":true,"href":"https:\/\/contraluzcucuta.co\/index.php?rest_route=%2Fwp%2Fv2%2Fcategories&post=26080"},{"taxonomy":"post_tag","embeddable":true,"href":"https:\/\/contraluzcucuta.co\/index.php?rest_route=%2Fwp%2Fv2%2Ftags&post=26080"}],"curies":[{"name":"wp","href":"https:\/\/api.w.org\/{rel}","templated":true}]}}