{"id":26066,"date":"2016-02-23T21:59:47","date_gmt":"2016-02-24T02:59:47","guid":{"rendered":"http:\/\/contraluzcucuta.co\/?p=26066"},"modified":"2016-02-23T22:01:42","modified_gmt":"2016-02-24T03:01:42","slug":"26066","status":"publish","type":"post","link":"https:\/\/contraluzcucuta.co\/?p=26066","title":{"rendered":"AGUAS KPITAL. Plan de emergencia y turnos para servicio de agua potable"},"content":{"rendered":"<p><strong>C\u00daCUTA.-<\/strong> La alcald\u00eda de San Jos\u00e9 de C\u00facuta mediante el decreto 0131 de 2016, declar\u00f3 la alerta amarilla por consecuencia de la disminuci\u00f3n del caudal del r\u00edo Pamplonita, fuente h\u00eddrica del acueducto del municipio de San Jos\u00e9 de C\u00facuta. Por esta raz\u00f3n la empresa Aguas Kpital C\u00facuta acata las disposiciones dadas por la administraci\u00f3n municipal acorde con lo definido en el Plan de Emergencia y Contingencia, disponible en la p\u00e1gina web <a href=\"http:\/\/www.akc.com.co\">www.akc.com.co<\/a>.<\/p>\n<p>A continuaci\u00f3n se dan conocer las siguientes acciones de respuesta y la programaci\u00f3n de los turnos para el servicio de agua potable.<\/p>\n<p>1.- Espaciar turnos de los sectores discontinuos y empezar a frecuenciar sectores de servicio continuo.<\/p>\n<p>2.- Suministrar agua por carro tanques a los sectores que por alg\u00fan motivo no alcanzaron a abastecerse en el turno que les correspond\u00eda.<\/p>\n<p>3.- Se abrir\u00e1n centros de cargue de carros tanques, los cuales estar\u00e1n ubicados en la red matriz y operados por funcionarios de la empresa.<\/p>\n<ol start=\"4\">\n<li>Asegurar el abastecimiento de las cl\u00ednicas, hospitales, centros penitenciarios, colegios, albergue y dem\u00e1s instituciones vulnerables, donde los coordinadores de estas entidades mantendr\u00e1n comunicaci\u00f3n directa con el encargado por la empresa para el despacho de los carrotanques.<\/li>\n<\/ol>\n<p>Turnos para abastecer a C\u00facuta.<\/p>\n<p>&nbsp;<\/p>\n<p>ZONA NORTE<\/p>\n<p><strong>Lunes\u00a0 y jueves<\/strong><\/p>\n<p>Parte baja del barrio El Salado, urb. Garc\u00eda Herreros, San Gerardo, El Cerrito, Metr\u00f3polis, Parte sur de la Urb. Brisas del Aeropuerto, Divino Ni\u00f1o, Rafael N\u00fa\u00f1ez, Villas de las Am\u00e9ricas, Carlos Pizarro, Ma. Paz, Cecilia Castro, Brisas del Norte y urb. Las Am\u00e9ricas.<\/p>\n<p><strong>Martes y viernes<\/strong><\/p>\n<p>Parte baja\u00a0 y media del barrio Aeropuerto, parte baja del barrio Toledo plata bajo,\u00a0 El Dorado, El Porvenir, Virgilio Barco, Trigal del Norte, Limonar del norte, Los Molinos,\u00a0 La Conconcordia, parte norte de la Urb. Brisas del Aeropuerto, Portal de Las Am\u00e9ricas, Ma. Auxiliadora,\u00a0 Laureles. Parte alta de los\u00a0 barrios El Salado alto y barrio Panamericano, Urb. Panamericana, Urb. Colinas del Salado y La \u00cdnsula<\/p>\n<p><strong>Mi\u00e9rcoles y s\u00e1bado<\/strong><\/p>\n<p>Parte alta del barrio Aeropuerto\u00a0\u00a0 y parte baja y media del barrio Sevilla<\/p>\n<p>ZONA ORIENTAL<\/p>\n<p><strong>Lunes\u00a0 y jueves<\/strong><\/p>\n<p>Urb. Torcoroma I (hasta la calle 6), Urb. Torcoroma II, Urb. Torcoroma III parte baja, Urb. Siglo XXI,\u00a0 Urb. Ca\u00f1af\u00edstolo, Santa Clara,\u00a0 B. Alto Pamplonita, B. La Uni\u00f3n parte baja, Bocon\u00f3, Urb. San Mart\u00edn, B. San Mart\u00edn y Barrio 13 de marzo<\/p>\n<p><strong>Martes y Viernes<\/strong><\/p>\n<p>Parte baja del Barrio. Sta. Ana, (Av. 1 a 3 incluida), Policarpa, Bethel, Mujeres del Futuro, Nuevo Milenio, parte baja\u00a0 de Aguas Calientes, Villas de Comfanorte, Parte sur de Bocon\u00f3, parte baja de la urb. Santa Ana, Urb. Las Margaritas, urb. Natura, urb. Arkamar, urb. Portofino, La Coralina, Parte alta de las urb. Torcoroma II y III, parte baja de urb. Aniversario II\u00a0 y Barrio Sta. Teresita (Av. 4 a 9).<\/p>\n<p><strong>Mi\u00e9rcoles y S\u00e1bado<\/strong><\/p>\n<p>Barrio La Libertad (Cl.14 a 20, Av. 10 a 17), parte alta y media del barrio Sta. Ana, Valle Esther, Torcoroma I, Aniversario II (Cl. 8 a 15) San Mateo sector medio (Av. 4-6 Cl. 21-28),\u00a0 barrio Bellavista.<\/p>\n<p>ZONA OCCIDENTAL<\/p>\n<p><strong>Lunes\u00a0 y jueves<\/strong><\/p>\n<p>Barrio Ni\u00f1a Ceci, 7 Agosto, parte baja de los barrios C.R. Par\u00eds\u00a0 y Nidia,\u00a0 Nueva Esperanza hasta la avenida 18,\u00a0 Belisario. I Etapa Atalaya, C\u00facuta 75, Nuevo Horizonte (Av. 18-21), La Victoria hasta la avenida 3. C\u00facuta 75, Palmeras entre las avenidas 21 y 23, Atalaya III Etapa<\/p>\n<p><strong>Martes y viernes<\/strong><\/p>\n<p>Barrio Antonia Santos, Los Olivos,\u00a0 Sabana Verde, Ciudadela El Progreso, Palmeras parte baja, Claret sector bajo (hasta la av. 25), B. Comuneros, La Laguna,. Motilones (hasta la avenida 2), O. P\u00e9rez (hasta la avenida 3) B. Nidia (de la calle 4 en adelante), El Desierto, El Tesoro, parte media de Los Almendros, Claret medio y alto, Tucunar\u00e9. Palmeras bajo y alto, El Progreso, San Ger\u00f3nimo, La Primavera (sector alto y Las Margaritas, Motilones desde la av. 2 en adelante, La Florida. Camilo Daza, Crisp\u00edn Duran y Escalabrini.<\/p>\n<p><strong>Mi\u00e9rcoles y S\u00e1bado<\/strong><\/p>\n<p>Ospina P\u00e9rez desde la av. 3 en adelante, El Para\u00edso, Cormoranes, Nueva Colombia, Buenos Aires de la av. 3 en adelante,\u00a0 La Ermita,\u00a0 Brisas de La Ermita,\u00a0 Chapinero, Rosal del Norte B. La Victoria (de la av. 3 en adelante),\u00a0 Los Almendros parte alta. Antonia. Santos alto (de la avenida 53 en adelante). parte media y alta de C.R. Par\u00eds y El Oasis<\/p>\n<p>Foto: ALDAIR SALAZAR<\/p>\n<p>&nbsp;<\/p>\n<p>&nbsp;<\/p>\n<p>&nbsp;<\/p>\n<p>&nbsp; <\/p>\n","protected":false},"excerpt":{"rendered":"<p>C\u00daCUTA.- La alcald\u00eda de San Jos\u00e9 de C\u00facuta mediante el decreto 0131 de 2016, declar\u00f3 la alerta amarilla por consecuencia de la disminuci\u00f3n del caudal del r\u00edo Pamplonita, fuente h\u00eddrica del acueducto del municipio de San Jos\u00e9 de C\u00facuta. Por esta raz\u00f3n la empresa Aguas Kpital C\u00facuta acata las disposiciones dadas por la administraci\u00f3n municipal &hellip;<\/p>\n","protected":false},"author":1,"featured_media":26067,"comment_status":"open","ping_status":"open","sticky":false,"template":"","format":"standard","meta":{"footnotes":""},"categories":[2625,541,106],"tags":[1270],"class_list":["post-26066","post","type-post","status-publish","format-standard","has-post-thumbnail","hentry","category-alcaldia-de-cucuta","category-ciudad","category-documentos","tag-aguas-kpital-cucuta"],"_links":{"self":[{"href":"https:\/\/contraluzcucuta.co\/index.php?rest_route=\/wp\/v2\/posts\/26066","targetHints":{"allow":["GET"]}}],"collection":[{"href":"https:\/\/contraluzcucuta.co\/index.php?rest_route=\/wp\/v2\/posts"}],"about":[{"href":"https:\/\/contraluzcucuta.co\/index.php?rest_route=\/wp\/v2\/types\/post"}],"author":[{"embeddable":true,"href":"https:\/\/contraluzcucuta.co\/index.php?rest_route=\/wp\/v2\/users\/1"}],"replies":[{"embeddable":true,"href":"https:\/\/contraluzcucuta.co\/index.php?rest_route=%2Fwp%2Fv2%2Fcomments&post=26066"}],"version-history":[{"count":2,"href":"https:\/\/contraluzcucuta.co\/index.php?rest_route=\/wp\/v2\/posts\/26066\/revisions"}],"predecessor-version":[{"id":26069,"href":"https:\/\/contraluzcucuta.co\/index.php?rest_route=\/wp\/v2\/posts\/26066\/revisions\/26069"}],"wp:featuredmedia":[{"embeddable":true,"href":"https:\/\/contraluzcucuta.co\/index.php?rest_route=\/wp\/v2\/media\/26067"}],"wp:attachment":[{"href":"https:\/\/contraluzcucuta.co\/index.php?rest_route=%2Fwp%2Fv2%2Fmedia&parent=26066"}],"wp:term":[{"taxonomy":"category","embeddable":true,"href":"https:\/\/contraluzcucuta.co\/index.php?rest_route=%2Fwp%2Fv2%2Fcategories&post=26066"},{"taxonomy":"post_tag","embeddable":true,"href":"https:\/\/contraluzcucuta.co\/index.php?rest_route=%2Fwp%2Fv2%2Ftags&post=26066"}],"curies":[{"name":"wp","href":"https:\/\/api.w.org\/{rel}","templated":true}]}}