{"id":26045,"date":"2016-02-21T20:07:30","date_gmt":"2016-02-22T01:07:30","guid":{"rendered":"http:\/\/contraluzcucuta.co\/?p=26045"},"modified":"2016-02-22T07:45:21","modified_gmt":"2016-02-22T12:45:21","slug":"cucuta-deportivo-la-aficion-no-aguanta-mas-a-cadena","status":"publish","type":"post","link":"https:\/\/contraluzcucuta.co\/?p=26045","title":{"rendered":"C\u00daCUTA DEPORTIVO. La afici\u00f3n no aguanta m\u00e1s a Cadena"},"content":{"rendered":"<p><strong>C\u00daCUTA.-<\/strong> Definitivamente, los integrantes de la Banda del Indio rompieron toda relaci\u00f3n con el presidente del C\u00facuta Deportivo, Jos\u00e9 Augusto Cadena. Al t\u00e9rmino del partido en el que cuadro motil\u00f3n empat\u00f3 a un gol con Universitario de Popay\u00e1n, los barristas mostraron una pancarta con la leyenda \u2018Cadena mercenario del f\u00fatbol\u2019.<\/p>\n<p>Uno de los promotores de la protesta areng\u00f3 contra el directivo y lo se\u00f1al\u00f3 de ser el responsable de la mala racha de Atl\u00e9tico Bucaramanga en a\u00f1os pasados. Tambi\u00e9n, grit\u00f3 que la suerte del once rojinegro ser\u00e1 id\u00e9ntica a la del cuadro santandereano si Cadena contin\u00faa al frente del club.<\/p>\n<p>Aunque pocos aficionados se detuvieron para hacer eco de los reclamos de los j\u00f3venes, en el ambiente qued\u00f3 planteado el momento que vive el equipo fronterizo. Ante esta situaci\u00f3n se pidi\u00f3 con fuerza la salida del presidente para permitir el reacomodo del C\u00facuta Deportivo.<\/p>\n<p>\u201cNo volveremos al estadio mientras Cadena siga al frente del equipo\u201d, \u00a0era una de las consignas del integrante de la Banda. La pancarta la prepararon mientras trascurri\u00f3 el encuentro, correspondiente a la segunda fecha del torneo de la Segunda Divisi\u00f3n del f\u00fatbol profesional colombiano.<\/p>\n<p>Mientras el t\u00e9cnico visitante C\u00e9sar Torres elogiaba el planteamiento del once motil\u00f3n, propuesto por Miguel Augusto Prince, los hinchas salieron decepcionados por el marcador. Al final del partido el cuadro payan\u00e9s encontr\u00f3 la paridad en el marcador y dej\u00f3 mal parados a los locales con un punto en la tabla de posiciones.<\/p>\n<p>Los cucute\u00f1os llegaron en escasa cantidad a las tribunas del General Santander con la ilusi\u00f3n de ver un buen debut de los extranjeros Nani y Graci\u00e1n. Al \u00a0t\u00e9rmino de los 90 minutos abandonaron los grader\u00edos con el sinsabor por no haber visto en sus mejores momentos a los jugadores tra\u00eddos como refuerzo para cumplir la meta de ascender a la Primera A.<\/p>\n<p>\u201cC\u00facuta, m\u00e1s all\u00e1 de tener la pelota y el control del terreno, no ten\u00eda profundidad ni intenciones de gol\u201d, analiz\u00f3 el estratega Torres. De Nani dijo que se imaginaba que llegar\u00eda sin f\u00fatbol y que le costar\u00eda adaptarse al clima cucute\u00f1o y a la exigencia de la afici\u00f3n.<\/p>\n<p>M\u00e1s all\u00e1 de dejar una buena imagen de su equipo en la capital de Norte de Santander, la intenci\u00f3n del club payan\u00e9s\u00a0era sumar puntos y logr\u00f3 el objetivo. En el primer partido gan\u00f3 los tres puntos y este domingo se llev\u00f3 otro para capitalizar cuatro en la tabla y ponerse en los primeros lugares.<\/p>\n<p>El C\u00facuta no supo aprovechar la ventaja que obtuvo en los primeros 20 minutos por intermedio de Lloreda, quien tambi\u00e9n marc\u00f3 contra Real Santander. A los 84 minutos se dio el empate.<\/p>\n<p><strong>RAFAEL ANTONIO PAB\u00d3N<\/strong><\/p>\n<p><strong>rafaelpabon58@hotmail,com<\/strong><\/p>\n<p><strong>Foto: <a href=\"http:\/\/www.contraluzcucuta.co\">www.contraluzcucuta.co<\/a><\/strong> <\/p>\n","protected":false},"excerpt":{"rendered":"<p>C\u00daCUTA.- Definitivamente, los integrantes de la Banda del Indio rompieron toda relaci\u00f3n con el presidente del C\u00facuta Deportivo, Jos\u00e9 Augusto Cadena. Al t\u00e9rmino del partido en el que cuadro motil\u00f3n empat\u00f3 a un gol con Universitario de Popay\u00e1n, los barristas mostraron una pancarta con la leyenda \u2018Cadena mercenario del f\u00fatbol\u2019. Uno de los promotores de &hellip;<\/p>\n","protected":false},"author":1,"featured_media":26046,"comment_status":"open","ping_status":"open","sticky":false,"template":"","format":"standard","meta":{"footnotes":""},"categories":[28],"tags":[2628,1166,2761],"class_list":["post-26045","post","type-post","status-publish","format-standard","has-post-thumbnail","hentry","category-vistazo-deportivo","tag-cucuta-deportivo-2016","tag-estadio-general-santander","tag-universitario-de-popayan"],"_links":{"self":[{"href":"https:\/\/contraluzcucuta.co\/index.php?rest_route=\/wp\/v2\/posts\/26045","targetHints":{"allow":["GET"]}}],"collection":[{"href":"https:\/\/contraluzcucuta.co\/index.php?rest_route=\/wp\/v2\/posts"}],"about":[{"href":"https:\/\/contraluzcucuta.co\/index.php?rest_route=\/wp\/v2\/types\/post"}],"author":[{"embeddable":true,"href":"https:\/\/contraluzcucuta.co\/index.php?rest_route=\/wp\/v2\/users\/1"}],"replies":[{"embeddable":true,"href":"https:\/\/contraluzcucuta.co\/index.php?rest_route=%2Fwp%2Fv2%2Fcomments&post=26045"}],"version-history":[{"count":2,"href":"https:\/\/contraluzcucuta.co\/index.php?rest_route=\/wp\/v2\/posts\/26045\/revisions"}],"predecessor-version":[{"id":26048,"href":"https:\/\/contraluzcucuta.co\/index.php?rest_route=\/wp\/v2\/posts\/26045\/revisions\/26048"}],"wp:featuredmedia":[{"embeddable":true,"href":"https:\/\/contraluzcucuta.co\/index.php?rest_route=\/wp\/v2\/media\/26046"}],"wp:attachment":[{"href":"https:\/\/contraluzcucuta.co\/index.php?rest_route=%2Fwp%2Fv2%2Fmedia&parent=26045"}],"wp:term":[{"taxonomy":"category","embeddable":true,"href":"https:\/\/contraluzcucuta.co\/index.php?rest_route=%2Fwp%2Fv2%2Fcategories&post=26045"},{"taxonomy":"post_tag","embeddable":true,"href":"https:\/\/contraluzcucuta.co\/index.php?rest_route=%2Fwp%2Fv2%2Ftags&post=26045"}],"curies":[{"name":"wp","href":"https:\/\/api.w.org\/{rel}","templated":true}]}}