{"id":26042,"date":"2016-02-21T19:07:12","date_gmt":"2016-02-22T00:07:12","guid":{"rendered":"http:\/\/contraluzcucuta.co\/?p=26042"},"modified":"2016-02-23T22:17:46","modified_gmt":"2016-02-24T03:17:46","slug":"defensor-del-pueblo-mi-proyecto-de-vida-siempre-ha-sido-servir-benito-bonilla","status":"publish","type":"post","link":"https:\/\/contraluzcucuta.co\/?p=26042","title":{"rendered":"DEFENSOR DEL PUEBLO. \u201cMi proyecto de vida siempre ha sido servir\u201d: Benito Bonilla"},"content":{"rendered":"<p><strong>C\u00daCUTA.-<\/strong> Benito Bonilla Su\u00e1rez tiene 54 a\u00f1os. <strong>La ni\u00f1ez y la juventud las pas\u00f3 en el barrio Bel\u00e9n, donde hered\u00f3 de su madre Rita y de la suegra Hermelina el valor por el servicio<\/strong>, principio espiritual que luego junt\u00f3 a la justicia para armar el proyecto de vida. El tiempo lo molde\u00f3 y hoy es el nuevo Defensor del Pueblo de Norte de Santander.<\/p>\n<p>No cay\u00f3 parado a esta oficina. Debi\u00f3 luchar contra imponderables y abrirse paso de la mano de Dios para alcanzar el sue\u00f1o que un d\u00eda le confes\u00f3 a Romualdo, su compa\u00f1ero de ruta profesional. <strong>La meta era ocupar este puesto y para lograrlo se prepar\u00f3 en la academia. \u201cEl cargo es lo m\u00e1ximo a que un defensor de derechos humanos puede llegar\u201d<\/strong>.<\/p>\n<p>La pobreza soportada en la familia no le impidi\u00f3 que pensara con optimismo en un mejor futuro. Ser abogado o administrador p\u00fablico no estaba en los planes juveniles. En esa etapa de la vida lo \u00fanico que quer\u00eda era estudiar. Y solo lo pod\u00eda hacer de noche y con esfuerzo. <strong>El primer empleo que ocup\u00f3 estaba lejos de parecerse a lo que en las aulas aprendi\u00f3.<\/strong><\/p>\n<p>Le ofrecieron ser mensajero del Cordillera Country Club y acept\u00f3, porque necesitaba esos pesos para ingresar a la universidad. Era repartidor de correspondencia. Despu\u00e9s, ingres\u00f3 a la Tesorer\u00eda Municipal como inspector y pas\u00f3 a ser examinador de cuentas en la Contralor\u00eda Departamental.<\/p>\n<p><strong>El recorrido por los despachos oficiales le despert\u00f3 el inter\u00e9s por la administraci\u00f3n p\u00fablica y en la Esap obtuvo el t\u00edtulo<\/strong>. Luego, asumi\u00f3 el rol de docente, se especializ\u00f3 en derechos humanos y cuando menos lo pensaba estaba en la direcci\u00f3n territorial de la Escuela para Norte de Santander y Arauca.<\/p>\n<p>Sinti\u00f3 un nuevo llamado y se matricul\u00f3 en la Universidad Libre, instituci\u00f3n que lo titul\u00f3 como abogado. Era tal la escasez de dinero en esa \u00e9poca, que en ocasiones para pagar el a\u00f1o tuvo que pedir prestada la tarjeta de cr\u00e9dito de un cu\u00f1ado. \u201cSiempre pens\u00e9 estudiar, y primero administraci\u00f3n p\u00fablica, porque era a distancia, luego derecho\u201d.<\/p>\n<p>A la Dian ingres\u00f3 como profesional universitario y con el cart\u00f3n \u00a0en la mano se propuso alcanzar el sue\u00f1o, hacer parte de la Defensor\u00eda del Pueblo. En 1994, cuando adelantaba\u00a0 la judicatura intensific\u00f3 el deseo por entrar a ese organismo. <strong>\u201cLa meta era trabajar en alg\u00fan momento en la Defensor\u00eda. Quer\u00eda servir\u201d. En 1999, se abri\u00f3 la convocatoria, se present\u00f3 y el anhelo se convirti\u00f3 en realidad. Dej\u00f3 el puesto en la Dian.<\/strong><\/p>\n<p>Regularmente, le daban \u2018palomitas\u2019 como encargado de la oficina. Ahora, se le dio la oportunidad de asumir en propiedad, porque el titular William Eduardo Gonz\u00e1lez pas\u00f3 a la regional Oca\u00f1a. <strong>\u201cEs un reconocimiento a la labor cumplida durante 17 a\u00f1os\u201d, le dijo el defensor nacional Alfonso Cajiao Cabrera en el momento de la posesi\u00f3n.<\/strong><\/p>\n<p>El proyecto de vida siempre ha sido servir. En cumplimiento de ese precepto estuvo en la direcci\u00f3n \u00a0del Rudesindo Soto, instituci\u00f3n que atiende a los menores de edad infractores del C\u00f3digo Penal. \u201cTengo que ser luz donde est\u00e9\u201d.<\/p>\n<p>En Colombia ser defensor de derechos humanos tiene un costo, pero Benito Bonilla no siente miedo. Las estad\u00edsticas no son ben\u00e9volas con este gremio. El conflicto armado es la mayor amenaza para los abogados que se mueven en este terreno fangoso. <strong>\u201cPersonalmente, no siento miedo porque creo en Dios<\/strong> y si me mostr\u00f3 el camino para ser Defensor es porque me va a guiar y me va a dar la sabidur\u00eda para manejar los destinos de la Defensor\u00eda y trabajar por la poblaci\u00f3n vulnerable y por las v\u00edctimas\u201d.<\/p>\n<p>Cuando le notificaron que ser\u00eda el titular del despacho para Norte de Santander pens\u00f3 en posesionarse con las comunidades vulnerables como testigo. No pudo, porque el defensor nacional lo llam\u00f3 a Bogot\u00e1 y all\u00ed estamp\u00f3 la firma en el documento oficial. Sin embargo, persiste en la idea.<\/p>\n<p>Este lunes, a las 5:00 de la tarde, asumir\u00e1 un compromiso en\u00a0 favor de las v\u00edctimas ante representantes de las mesas municipal y departamental, \u00a0sindicatos, organizaciones sociales y desplazados. \u201cNosotros elegimos ser defensores de los derechos humanos, pero las v\u00edctimas no eligieron ser v\u00edctimas. El conflicto armado las llev\u00f3 hasta all\u00e1\u201d.<\/p>\n<p><strong>Lo m\u00e1s dif\u00edcil del trabajo con comunidades vulnerables es no poder aliviarles el dolor<\/strong>. Los usuarios normales de la Defensor\u00eda son poblaciones de estrato tres hacia abajo, desplazados, deportados y familiares de internos. \u00a0\u201cEn oportunidades se siente que no se est\u00e1 haciendo nada ante toda esta situaci\u00f3n\u201d. La satisfacci\u00f3n est\u00e1 al lograr una libertad condicional o una detenci\u00f3n domiciliaria, o que a la v\u00edctima se le reconozca por medio de una acci\u00f3n judicial.<\/p>\n<p><strong>Cuando llega a casa, luego de atender tantos problemas ajenos, no puede desprenderse de esa realidad y tiene que cargar con esa responsabilidad.<\/strong> En las charlas de motivaci\u00f3n le han recomendado dejar los asuntos profesionales en la oficina y no trastear con esa carga. Pero no es posible y comparte lo que se puede de las situaciones tan adversas que ocurren en la Defensor\u00eda.<\/p>\n<p>Para despejar la mente se refugiaba en la m\u00fasica. \u201cEsa es la frustraci\u00f3n que tengo. Canto bien, pero se me escucha mal. De pronto hago bulla, pero no se me escucha bien\u201d. <strong>En los \u00faltimos cinco a\u00f1os, le han dado resultado dos principios espirituales, ser justo y servir.<\/strong> \u201cMe siento orgulloso de servir a Dios con mis actuaciones y por la reacci\u00f3n ante una situaci\u00f3n. Si no soy la persona m\u00e1s del mundo, soy uno de los m\u00e1s felices\u201d.<\/p>\n<p>En el 2016, la Defensor\u00eda del Pueblo de Espa\u00f1a lo recibi\u00f3 como becario, junto a abogados de Brasil, M\u00e9xico y El Salvador, en la maestr\u00eda en protecci\u00f3n internacional en derechos humanos y recibi\u00f3 clases en La Haya (Holanda).<\/p>\n<p><strong>RAFAEL ANTONIO PAB\u00d3N<\/strong><\/p>\n<p><strong><a href=\"mailto:rafaelpabon58@hotmail.com\">rafaelpabon58@hotmail.com<\/a><\/strong><\/p>\n<p><strong>Foto: ALDAIR SALAZAR<\/strong><\/p>\n<p><strong>\u00a0<\/strong><\/p>\n<p>&nbsp; <\/p>\n","protected":false},"excerpt":{"rendered":"<p>C\u00daCUTA.- Benito Bonilla Su\u00e1rez tiene 54 a\u00f1os. La ni\u00f1ez y la juventud las pas\u00f3 en el barrio Bel\u00e9n, donde hered\u00f3 de su madre Rita y de la suegra Hermelina el valor por el servicio, principio espiritual que luego junt\u00f3 a la justicia para armar el proyecto de vida. El tiempo lo molde\u00f3 y hoy es &hellip;<\/p>\n","protected":false},"author":1,"featured_media":26043,"comment_status":"open","ping_status":"open","sticky":false,"template":"","format":"standard","meta":{"footnotes":""},"categories":[74,17,9],"tags":[2759,2758,2760,679],"class_list":["post-26042","post","type-post","status-publish","format-standard","has-post-thumbnail","hentry","category-aula-universitaria","category-conversaciones-a-contraluz","category-politica","tag-benito-bonilla","tag-defensor-del-pueblo-norte-de-santander","tag-desplaza","tag-victimas-del-conflicto-en-norte-de-santander"],"_links":{"self":[{"href":"https:\/\/contraluzcucuta.co\/index.php?rest_route=\/wp\/v2\/posts\/26042","targetHints":{"allow":["GET"]}}],"collection":[{"href":"https:\/\/contraluzcucuta.co\/index.php?rest_route=\/wp\/v2\/posts"}],"about":[{"href":"https:\/\/contraluzcucuta.co\/index.php?rest_route=\/wp\/v2\/types\/post"}],"author":[{"embeddable":true,"href":"https:\/\/contraluzcucuta.co\/index.php?rest_route=\/wp\/v2\/users\/1"}],"replies":[{"embeddable":true,"href":"https:\/\/contraluzcucuta.co\/index.php?rest_route=%2Fwp%2Fv2%2Fcomments&post=26042"}],"version-history":[{"count":1,"href":"https:\/\/contraluzcucuta.co\/index.php?rest_route=\/wp\/v2\/posts\/26042\/revisions"}],"predecessor-version":[{"id":26044,"href":"https:\/\/contraluzcucuta.co\/index.php?rest_route=\/wp\/v2\/posts\/26042\/revisions\/26044"}],"wp:featuredmedia":[{"embeddable":true,"href":"https:\/\/contraluzcucuta.co\/index.php?rest_route=\/wp\/v2\/media\/26043"}],"wp:attachment":[{"href":"https:\/\/contraluzcucuta.co\/index.php?rest_route=%2Fwp%2Fv2%2Fmedia&parent=26042"}],"wp:term":[{"taxonomy":"category","embeddable":true,"href":"https:\/\/contraluzcucuta.co\/index.php?rest_route=%2Fwp%2Fv2%2Fcategories&post=26042"},{"taxonomy":"post_tag","embeddable":true,"href":"https:\/\/contraluzcucuta.co\/index.php?rest_route=%2Fwp%2Fv2%2Ftags&post=26042"}],"curies":[{"name":"wp","href":"https:\/\/api.w.org\/{rel}","templated":true}]}}