{"id":26039,"date":"2016-02-21T14:20:56","date_gmt":"2016-02-21T19:20:56","guid":{"rendered":"http:\/\/contraluzcucuta.co\/?p=26039"},"modified":"2016-02-21T14:20:56","modified_gmt":"2016-02-21T19:20:56","slug":"aula-universitaria-mas-arquitectura-mas-investigacion-y-mas-academia","status":"publish","type":"post","link":"https:\/\/contraluzcucuta.co\/?p=26039","title":{"rendered":"AULA UNIVERSITARIA. M\u00e1s arquitectura, m\u00e1s investigaci\u00f3n y m\u00e1s academia"},"content":{"rendered":"<p><strong>C\u00daCUTA.-<\/strong> \u2018La Arquitectura del Contrabando\u2019, que tiene como referencia a C\u00facuta, es el eje principal de la conferencia ofrecida por el arquitecto Carlos C\u00e1rdenas Maldonado, egresado de la Universidad Francisco de Paula Santander. La investigaci\u00f3n abri\u00f3 el ciclo de charlas \u2018M\u00e1s arquitectura, m\u00e1s investigaci\u00f3n y m\u00e1s academia\u2019, programado por el Departamento de Arquitectura, Dise\u00f1o y Urbanismo, a cargo de la docente Erika Ayala Garc\u00eda.<\/p>\n<p>\u201cLa investigaci\u00f3n parte desde las antiguas casetas comerciales de C\u00facuta\u201d, dijo el \u00a0magister de la Universidad Cat\u00f3lica de Chile para socializar su trabajo. Los vendedores estacionarios fueron retirados de las calles cucute\u00f1as en la administraci\u00f3n del alcalde Pauselino Camargo (1995 \u2013 1997).<\/p>\n<p>En el desarrollo del trabajo explic\u00f3 c\u00f3mo fueron introducidas en un edificio de comercio informal, el centro comercial Oit\u00ed, en pleno coraz\u00f3n de la capital de Norte de Santander.\u00a0 \u201cY eso en paralelo con el edificio de Alejandr\u00eda y como fue creciendo\u201d, hasta el punto de adquirir el colegio La Presentaci\u00f3n, tradicional en la ense\u00f1anza femenina.<\/p>\n<p>\u201cSe estudi\u00f3, espec\u00edficamente, la manzana 49, para descubrir c\u00f3mo es el comportamiento de la expansi\u00f3n de ese emblem\u00e1tico edificio de la ciudad\u201d, dijo C\u00e1rdenas Maldonado. Sostuvo que su trabajo se convierte en un punto de partida para los futuros arquitectos, que deben entender la ciudad y los fen\u00f3menos sociales como campo de acci\u00f3n e investigaci\u00f3n.<\/p>\n<p>El programa de Arquitectura y el Grupo de Investigaci\u00f3n TAR_GET organizaron la primera de una serie de conferencias que tienen planeadas para el primer semestre de 2016. El prop\u00f3sito es conocer las experiencias investigativas de docentes, estudiantes y egresados de la UFPS, junto a la participaci\u00f3n de profesionales de otras universidades e investigadores nacionales e internacionales.<\/p>\n<p>\u201cHemos detectado que necesitamos m\u00e1s encuentros para fortalecernos, no solo con nuestros estudiantes, sino invitando a docentes de otras universidades y egresados para mostrar los trabajos que estamos haciendo desde investigaci\u00f3n, al igual que los frutos y esfuerzos de los egresados quienes han tenido destacados productos investigativos fuera del pa\u00eds\u201d, coment\u00f3 Erika Ayala.<\/p>\n<p>Cada encuentro tiene como objetivo mostrar c\u00f3mo se trabaja la arquitectura en la UFPS, c\u00f3mo se proyecta local y regionalmente y cu\u00e1l es el ejemplo que se quiere brindar a los estudiantes, desde primero a d\u00e9cimo semestre, como arquitectos en formaci\u00f3n.<\/p>\n<p>Los espacios planteados se convierten en escenarios de socializaci\u00f3n, discusi\u00f3n y visibilizaci\u00f3n de los procesos que se gestan en el programa acad\u00e9mico. Cada experiencia presentada demuestra que elaborar trabajo de grado en modalidad de tesis, trae importantes beneficios, entre ellos abre posibilidades a un postgrado en el exterior.<\/p>\n<p><strong>Foto: ESPECIAL PARA <a href=\"http:\/\/www.contraluzcucuta.co\">www.contraluzcucuta.co<\/a><\/strong><\/p>\n<p>&nbsp; <\/p>\n","protected":false},"excerpt":{"rendered":"<p>C\u00daCUTA.- \u2018La Arquitectura del Contrabando\u2019, que tiene como referencia a C\u00facuta, es el eje principal de la conferencia ofrecida por el arquitecto Carlos C\u00e1rdenas Maldonado, egresado de la Universidad Francisco de Paula Santander. La investigaci\u00f3n abri\u00f3 el ciclo de charlas \u2018M\u00e1s arquitectura, m\u00e1s investigaci\u00f3n y m\u00e1s academia\u2019, programado por el Departamento de Arquitectura, Dise\u00f1o y &hellip;<\/p>\n","protected":false},"author":1,"featured_media":26040,"comment_status":"open","ping_status":"open","sticky":false,"template":"","format":"standard","meta":{"footnotes":""},"categories":[74,9],"tags":[2597,2757,719,161],"class_list":["post-26039","post","type-post","status-publish","format-standard","has-post-thumbnail","hentry","category-aula-universitaria","category-politica","tag-aula-universitaria","tag-centro-comercial-oiti","tag-unipamplona","tag-universidad-de-pamplona"],"_links":{"self":[{"href":"https:\/\/contraluzcucuta.co\/index.php?rest_route=\/wp\/v2\/posts\/26039","targetHints":{"allow":["GET"]}}],"collection":[{"href":"https:\/\/contraluzcucuta.co\/index.php?rest_route=\/wp\/v2\/posts"}],"about":[{"href":"https:\/\/contraluzcucuta.co\/index.php?rest_route=\/wp\/v2\/types\/post"}],"author":[{"embeddable":true,"href":"https:\/\/contraluzcucuta.co\/index.php?rest_route=\/wp\/v2\/users\/1"}],"replies":[{"embeddable":true,"href":"https:\/\/contraluzcucuta.co\/index.php?rest_route=%2Fwp%2Fv2%2Fcomments&post=26039"}],"version-history":[{"count":1,"href":"https:\/\/contraluzcucuta.co\/index.php?rest_route=\/wp\/v2\/posts\/26039\/revisions"}],"predecessor-version":[{"id":26041,"href":"https:\/\/contraluzcucuta.co\/index.php?rest_route=\/wp\/v2\/posts\/26039\/revisions\/26041"}],"wp:featuredmedia":[{"embeddable":true,"href":"https:\/\/contraluzcucuta.co\/index.php?rest_route=\/wp\/v2\/media\/26040"}],"wp:attachment":[{"href":"https:\/\/contraluzcucuta.co\/index.php?rest_route=%2Fwp%2Fv2%2Fmedia&parent=26039"}],"wp:term":[{"taxonomy":"category","embeddable":true,"href":"https:\/\/contraluzcucuta.co\/index.php?rest_route=%2Fwp%2Fv2%2Fcategories&post=26039"},{"taxonomy":"post_tag","embeddable":true,"href":"https:\/\/contraluzcucuta.co\/index.php?rest_route=%2Fwp%2Fv2%2Ftags&post=26039"}],"curies":[{"name":"wp","href":"https:\/\/api.w.org\/{rel}","templated":true}]}}