{"id":26030,"date":"2016-02-21T13:44:50","date_gmt":"2016-02-21T18:44:50","guid":{"rendered":"http:\/\/contraluzcucuta.co\/?p=26030"},"modified":"2016-02-23T19:05:07","modified_gmt":"2016-02-24T00:05:07","slug":"competitividad-norte-de-santander-17-entre-25-departamentos","status":"publish","type":"post","link":"https:\/\/contraluzcucuta.co\/?p=26030","title":{"rendered":"COMPETITIVIDAD. \u00a0Norte de Santander, 17 entre 25 departamentos"},"content":{"rendered":"<p><strong>C\u00daCUTA.-<\/strong> Norte de Santander no ha mostrado mayores avances en materia competitiva. El departamento ocupa el puesto 17, entre 25 regiones. En la \u00faltima medici\u00f3n descendi\u00f3 cuatro lugares con respecto a la de 2014. Este nivel bajo llama a generar esquemas de desarrollo robustos para catapultar la econom\u00eda regional.<\/p>\n<p>La conclusi\u00f3n la present\u00f3 Margarita Mar\u00eda Contreras D\u00edaz, presidenta del Comit\u00e9 de Competitividad del departamento, ante el Consejo Privado de Competitividad (CPC). La funcionaria comparti\u00f3 el informe que la entidad a su cargo ha hecho en los \u00faltimos 4 a\u00f1os. La reuni\u00f3n se cumpli\u00f3 en el sal\u00f3n Eustorgio Colmenares, de la Gobernaci\u00f3n, para analizar los efectos en el desarrollo sostenible de la regi\u00f3n.<\/p>\n<p>Entre los aspectos fundamentales del estudio destacan:<\/p>\n<p><strong>1.- Educaci\u00f3n<\/strong>. El departamento afronta grandes retos en cuanto a cobertura y mejora de calidad, pese a los esfuerzos que se han hecho hasta el momento.<\/p>\n<p><strong>2.- Aspectos laborales<\/strong>. Existen s\u00edntomas de un mercado laboral con ineficiencias que impactan la competitividad. M\u00e1s del 80 por ciento de la poblaci\u00f3n ocupada est\u00e1 ligada a la informalidad.<\/p>\n<p><strong>3.- Infraestructura<\/strong>. M\u00e1s del 60 por ciento de la red vial primaria se encuentra en estado regular. Destaca el esfuerzo del Gobierno con la puesta en marcha de concesiones de v\u00edas de cuarta generaci\u00f3n y otras condensadas en el Contrato Plan.<\/p>\n<p>El gobernador William Villamizar llam\u00f3 a la uni\u00f3n de los gremios para alcanzar el desarrollo regional. Se\u00f1al\u00f3 que se va a trabajar en una ruta colectiva para el desarrollo, que plantear\u00e1 la agenda de competitividad de envergadura, que logre involucrar los sectores econ\u00f3micos y que pueda implementarse con el Plan de Desarrollo 2016-2019. \u201cMediante el Contrato Plan traeremos proyectos e inversi\u00f3n por cerca de $ 1,6 billones\u201d.<\/p>\n<p>Los recursos ser\u00e1n invertidos en Norte de Santander en proyectos de infraestructura vial, educaci\u00f3n y agropecuaria. Otros espacios de importancia para la inversi\u00f3n ser\u00e1n la cultura, el deporte, la vivienda, la salud, la generaci\u00f3n de empleo y los acueductos y alcantarillados que mejorar\u00e1n la competitividad de la regi\u00f3n.<\/p>\n<p><strong>Foto: PRENSA GOBERNACI\u00d3N<\/strong><\/p>\n<p>&nbsp; <\/p>\n","protected":false},"excerpt":{"rendered":"<p>C\u00daCUTA.- Norte de Santander no ha mostrado mayores avances en materia competitiva. El departamento ocupa el puesto 17, entre 25 regiones. En la \u00faltima medici\u00f3n descendi\u00f3 cuatro lugares con respecto a la de 2014. Este nivel bajo llama a generar esquemas de desarrollo robustos para catapultar la econom\u00eda regional. La conclusi\u00f3n la present\u00f3 Margarita Mar\u00eda &hellip;<\/p>\n","protected":false},"author":1,"featured_media":26031,"comment_status":"open","ping_status":"open","sticky":false,"template":"","format":"standard","meta":{"footnotes":""},"categories":[556,2630,32],"tags":[2755,379,2092],"class_list":["post-26030","post","type-post","status-publish","format-standard","has-post-thumbnail","hentry","category-departamento","category-gobernacion","category-recorrido-por-la-region","tag-competitividad-en-norte-de-santander","tag-gobernacion-de-norte-de-santander","tag-william-villamizar"],"_links":{"self":[{"href":"https:\/\/contraluzcucuta.co\/index.php?rest_route=\/wp\/v2\/posts\/26030","targetHints":{"allow":["GET"]}}],"collection":[{"href":"https:\/\/contraluzcucuta.co\/index.php?rest_route=\/wp\/v2\/posts"}],"about":[{"href":"https:\/\/contraluzcucuta.co\/index.php?rest_route=\/wp\/v2\/types\/post"}],"author":[{"embeddable":true,"href":"https:\/\/contraluzcucuta.co\/index.php?rest_route=\/wp\/v2\/users\/1"}],"replies":[{"embeddable":true,"href":"https:\/\/contraluzcucuta.co\/index.php?rest_route=%2Fwp%2Fv2%2Fcomments&post=26030"}],"version-history":[{"count":1,"href":"https:\/\/contraluzcucuta.co\/index.php?rest_route=\/wp\/v2\/posts\/26030\/revisions"}],"predecessor-version":[{"id":26032,"href":"https:\/\/contraluzcucuta.co\/index.php?rest_route=\/wp\/v2\/posts\/26030\/revisions\/26032"}],"wp:featuredmedia":[{"embeddable":true,"href":"https:\/\/contraluzcucuta.co\/index.php?rest_route=\/wp\/v2\/media\/26031"}],"wp:attachment":[{"href":"https:\/\/contraluzcucuta.co\/index.php?rest_route=%2Fwp%2Fv2%2Fmedia&parent=26030"}],"wp:term":[{"taxonomy":"category","embeddable":true,"href":"https:\/\/contraluzcucuta.co\/index.php?rest_route=%2Fwp%2Fv2%2Fcategories&post=26030"},{"taxonomy":"post_tag","embeddable":true,"href":"https:\/\/contraluzcucuta.co\/index.php?rest_route=%2Fwp%2Fv2%2Ftags&post=26030"}],"curies":[{"name":"wp","href":"https:\/\/api.w.org\/{rel}","templated":true}]}}