{"id":26024,"date":"2016-02-19T17:18:30","date_gmt":"2016-02-19T22:18:30","guid":{"rendered":"http:\/\/contraluzcucuta.co\/?p=26024"},"modified":"2016-02-19T17:18:30","modified_gmt":"2016-02-19T22:18:30","slug":"gobernacion-sena-tecnoparque-y-tecnoacademia-para-cucuta","status":"publish","type":"post","link":"https:\/\/contraluzcucuta.co\/?p=26024","title":{"rendered":"GOBERNACI\u00d3N \u2013 SENA. Tecnoparque y tecnoacademia para C\u00facuta"},"content":{"rendered":"<p><strong>C\u00daCUTA.-<\/strong> <strong>El tecnoparque y la tecnoacademia proyectados para C\u00facuta<\/strong> tendr\u00e1n una inversi\u00f3n superior a los $60.000 millones. El Sena invertir\u00e1 en estos espacios y en otros que permitir\u00e1n ampliar la cobertura en la formaci\u00f3n en Norte de Santander. La Instituci\u00f3n ser\u00e1 el centro de reconciliaci\u00f3n que brindar\u00e1 rutas de atenci\u00f3n para la resocializaci\u00f3n, formaci\u00f3n y empleabilidad, mediante la creaci\u00f3n de escenarios de construcci\u00f3n de paz.<\/p>\n<p>J\u00f3venes de colegios nortesantandereanos tendr\u00e1n la oportunidad de formarse para la innovaci\u00f3n en un centro de enriquecimiento cient\u00edfico que buscar\u00e1 fortalecer sus competencias orientadas al uso, aplicaci\u00f3n y desarrollo de tecnolog\u00edas avanzadas. La Tecnoacademia \u2013como otras nueve que hay en el pa\u00eds\u2013 <strong>promover\u00e1 el desarrollo de la investigaci\u00f3n desde la educaci\u00f3n media con aplicaci\u00f3n de herramientas como polo de desarrollo local y regional.<\/strong><\/p>\n<p>El tecnoparque actuar\u00e1 como acelerador para el desarrollo de proyectos de investigaci\u00f3n, desarrollo tecnol\u00f3gico e innovaci\u00f3n, materializados en prototipos funcionales en las l\u00edneas tecnol\u00f3gicas: electr\u00f3nica y telecomunicaciones, tecnolog\u00edas virtuales, ingenier\u00eda y dise\u00f1o, y biotecnolog\u00eda \u2013 nanotecnolog\u00eda. El objetivo es promover el emprendimiento de base tecnol\u00f3gica.<\/p>\n<p><strong>Los dos espacios, que tendr\u00e1n una costo de $ 24.800 millones, ser\u00e1n una realidad<\/strong>\u00a0 mediante el trabajo conjunto de la Gobernaci\u00f3n y el Sena. Los recursos hacen parte de inversiones, por m\u00e1s de $ 60.000 millones, \u00a0en la regi\u00f3n. Incluyen adecuaciones, mejores y expansi\u00f3n de los dos centros de formaci\u00f3n que tiene la entidad en Norte de Santander.<\/p>\n<p>\u201cVamos a mejorar la calidad de los ambientes de formaci\u00f3n; vamos a mejorar sustancialmente la presencia del Sena\u201d, dijo el director general \u00a0Alfonso Prada. <strong>El prop\u00f3sito es ampliar la cobertura de la oferta acad\u00e9mica<\/strong> para que m\u00e1s ciudadanos se formen en carreras t\u00e9cnicas y tecnol\u00f3gicas con oportunidades de empleo digno.<\/p>\n<p>William Villamizar, gobernador de Norte de Santander, dijo que \u201cla alianza arranc\u00f3, porque ahora tenemos recursos de regal\u00edas, recursos del Sena y recursos del orden nacional, que ser\u00e1n articulados por el Departamento Nacional de Planeaci\u00f3n (DNP) para comenzar este a\u00f1o\u201d.<\/p>\n<p>Otra propuesta que se consolid\u00f3 entre las dos entidades es el \u00a0apoyo econ\u00f3mico a quienes creen empresas. <strong>Por medio del Fondo Emprender del Sena se otorgar\u00e1n recursos de capital semilla por $ 2000 millones anuales<\/strong>, durante los pr\u00f3ximos cuatro a\u00f1os. Al finalizar el periodo se estima haber consolidado 120 unidades de negocio.<\/p>\n<p><strong>Foto: PRENSA SENA.<\/strong><\/p>\n<p>&nbsp; <\/p>\n","protected":false},"excerpt":{"rendered":"<p>C\u00daCUTA.- El tecnoparque y la tecnoacademia proyectados para C\u00facuta tendr\u00e1n una inversi\u00f3n superior a los $60.000 millones. El Sena invertir\u00e1 en estos espacios y en otros que permitir\u00e1n ampliar la cobertura en la formaci\u00f3n en Norte de Santander. La Instituci\u00f3n ser\u00e1 el centro de reconciliaci\u00f3n que brindar\u00e1 rutas de atenci\u00f3n para la resocializaci\u00f3n, formaci\u00f3n y &hellip;<\/p>\n","protected":false},"author":1,"featured_media":26025,"comment_status":"open","ping_status":"open","sticky":false,"template":"","format":"standard","meta":{"footnotes":""},"categories":[74,2630,9],"tags":[379,602,2754,2753],"class_list":["post-26024","post","type-post","status-publish","format-standard","has-post-thumbnail","hentry","category-aula-universitaria","category-gobernacion","category-politica","tag-gobernacion-de-norte-de-santander","tag-sena-regional-norte-de-santander","tag-tecnoacademia-en-cucuta","tag-tecnoparque-en-cucuta"],"_links":{"self":[{"href":"https:\/\/contraluzcucuta.co\/index.php?rest_route=\/wp\/v2\/posts\/26024","targetHints":{"allow":["GET"]}}],"collection":[{"href":"https:\/\/contraluzcucuta.co\/index.php?rest_route=\/wp\/v2\/posts"}],"about":[{"href":"https:\/\/contraluzcucuta.co\/index.php?rest_route=\/wp\/v2\/types\/post"}],"author":[{"embeddable":true,"href":"https:\/\/contraluzcucuta.co\/index.php?rest_route=\/wp\/v2\/users\/1"}],"replies":[{"embeddable":true,"href":"https:\/\/contraluzcucuta.co\/index.php?rest_route=%2Fwp%2Fv2%2Fcomments&post=26024"}],"version-history":[{"count":1,"href":"https:\/\/contraluzcucuta.co\/index.php?rest_route=\/wp\/v2\/posts\/26024\/revisions"}],"predecessor-version":[{"id":26026,"href":"https:\/\/contraluzcucuta.co\/index.php?rest_route=\/wp\/v2\/posts\/26024\/revisions\/26026"}],"wp:featuredmedia":[{"embeddable":true,"href":"https:\/\/contraluzcucuta.co\/index.php?rest_route=\/wp\/v2\/media\/26025"}],"wp:attachment":[{"href":"https:\/\/contraluzcucuta.co\/index.php?rest_route=%2Fwp%2Fv2%2Fmedia&parent=26024"}],"wp:term":[{"taxonomy":"category","embeddable":true,"href":"https:\/\/contraluzcucuta.co\/index.php?rest_route=%2Fwp%2Fv2%2Fcategories&post=26024"},{"taxonomy":"post_tag","embeddable":true,"href":"https:\/\/contraluzcucuta.co\/index.php?rest_route=%2Fwp%2Fv2%2Ftags&post=26024"}],"curies":[{"name":"wp","href":"https:\/\/api.w.org\/{rel}","templated":true}]}}