{"id":26021,"date":"2016-02-19T16:28:02","date_gmt":"2016-02-19T21:28:02","guid":{"rendered":"http:\/\/contraluzcucuta.co\/?p=26021"},"modified":"2016-02-21T19:23:02","modified_gmt":"2016-02-22T00:23:02","slug":"televisora-regional-estamos-democratizando-el-canal-con-la-gente-nuestra","status":"publish","type":"post","link":"https:\/\/contraluzcucuta.co\/?p=26021","title":{"rendered":"TELEVISORA REGIONAL. \u201cEstamos democratizando el canal con la gente nuestra\u201d"},"content":{"rendered":"<p><strong>C\u00daCUTA.-<\/strong> La gerencia de la\u00a0 Televisora Regional del Oriente (TRO), por estatutos, le corresponde a Norte de Santander. Hace 20 a\u00f1os funciona el canal p\u00fablico que une a este departamento con Santander y varios hombres y mujeres se han alternado el principal cargo de la empresa. <strong>En diciembre, asumi\u00f3 Ludy P\u00e1ez en remplazo de Juan Ricardo G\u00e9lvez.<\/strong><\/p>\n<p>La principal inquietud de la ejecutiva es el posicionamiento de TRO. <strong>Lleva dos meses al frente del cargo y est\u00e1 convencida de que hay que trabajar en equipo<\/strong>. Para cumplir esas metas se ha lanzado a convocar a las universidades Francisco de Paula Santander y de Pamplona, para que mediante los programas de comunicaci\u00f3n social se alcance la visibilidad de la regi\u00f3n.<\/p>\n<p>En la ma\u00f1ana de este viernes, se reuni\u00f3 con docentes de los dos centros de estudios para analizar posibilidades de juntar experiencias y trabajos. En la jornada se expusieron inquietudes acad\u00e9micas que encontraron respuestas oficiales para hacerlas realidad. <strong>\u201cEstamos democratizando el canal con la gente nuestra\u201d.<\/strong><\/p>\n<p><strong>El TRO, en materia de equipos, est\u00e1 en los primeros lugares.<\/strong> Cuenta con la mejor tecnolog\u00eda del pa\u00eds y ha invertido en infraestructura t\u00e9cnica que le permite estar preparado para asumir cualquier imprevisto y para afrontar la competencia de grandes ligas. \u201cTenemos un equipo t\u00e9cnico de la \u00a0m\u00e1s alta calidad\u201d.<\/p>\n<p>Ludy P\u00e1ez dijo que el canal est\u00e1 preparado para el apag\u00f3n del 2019 y entrar a la nueva era de la tecnolog\u00eda. Esa mirada visionaria la hace decir con benepl\u00e1cito que el gobierno departamental dio la bendici\u00f3n para preparar el proyecto y contar con sede propia.<\/p>\n<p><strong>La casa del TRO estar\u00eda en la antigua <a href=\"https:\/\/contraluzcucuta.co\/articulos\/plaza-de-ferias-la-recuperacion-costaria-30-000-millones\/\">Plaza de Ferias Mariano Ospina P\u00e9rez<\/a> (barrio Sevilla), donde se tiene planeado construir el complejo ferial de C\u00facuta.<\/strong> Las c\u00e1maras, los estudios y todos los elementos necesarios para las trasmisiones de televisi\u00f3n tendr\u00edan el espacio ideal en ese lugar.<\/p>\n<p>El lote de la Plaza de Ferias es propiedad del departamento y ahora, en alianza con la Alcald\u00eda, se busca la recuperaci\u00f3n para contar con un centro ferial. El departamento y la ciudad no cuentan con este tipo de escenarios y los gobiernos departamental y municipal unen fuerzas y recursos para construir el coliseo que albergue las ferias y un galp\u00f3n, similar a Interferias o Cenfer (Santander). La inversi\u00f3n alcanzar\u00eda los $30.000 millones.<\/p>\n<p>La Gobernaci\u00f3n adelanta los estudios de suelos y topograf\u00eda para luego dar a conocer la inversi\u00f3n que tendr\u00eda la sede del TRO. \u201cSi el estudio de factibilidad es favorable, estaremos all\u00e1\u201d, dijo Ludy P\u00e1ez.<\/p>\n<p>La intenci\u00f3n de la gerenta es recorrer el departamento para dar a conocer el canal, porque tambi\u00e9n es de los nortesantandereanos. <strong>\u201cNos gusta vernos en el canal y vamos a mostrar que el TRO tiene como hacer que nos veamos\u201d.<\/strong><\/p>\n<p>La llegada a la silla principal del canal es un gran reto que le ofrece la vida a Ludy P\u00e1ez y \u201cespero no ser inferior\u201d. Para cumplir esos deseos \u201cnada de espejo retrovisor\u201d para criticar a los antecesores, de quienes dijo que cumplieron bien el papel asignado. \u201cTengo que seguir construyendo, porque el canal est\u00e1 para construir\u201d.<\/p>\n<p><strong>Los medios de comunicaci\u00f3n deben ser art\u00edfices reales del posconflicto<\/strong> y no puede ser actores marginados de ese proceso que se avecina para Colombia. \u201cHablar con el deseo no es viable en los medios de comunicaci\u00f3n\u201d, sentenci\u00f3 la gerenta de la Televisora Regional del Oriente. <strong>\u201cEn el canal creemos en la paz\u201d<\/strong>.<\/p>\n<p>A diario hace el ejercicio de investigaci\u00f3n y lectura para estar actualizada en este campo. Ahora, siente que est\u00e1 al otro lado de la secretar\u00eda de Educaci\u00f3n. Se mantiene en contacto permanente con la informaci\u00f3n para no estar lejos de lo que tiene en las manos para administrar.<\/p>\n<p><strong>RAFAEL ANTONIO PAB\u00d3N<\/strong><\/p>\n<p><strong><a href=\"mailto:rafaelpabon58@hotmail.com\">rafaelpabon58@hotmail.com<\/a><\/strong><\/p>\n<p><strong>Foto: ALDAIR SALAZAR<\/strong><\/p>\n<p>&nbsp;<\/p>\n<p>&nbsp; <\/p>\n","protected":false},"excerpt":{"rendered":"<p>C\u00daCUTA.- La gerencia de la\u00a0 Televisora Regional del Oriente (TRO), por estatutos, le corresponde a Norte de Santander. Hace 20 a\u00f1os funciona el canal p\u00fablico que une a este departamento con Santander y varios hombres y mujeres se han alternado el principal cargo de la empresa. En diciembre, asumi\u00f3 Ludy P\u00e1ez en remplazo de Juan &hellip;<\/p>\n","protected":false},"author":1,"featured_media":26022,"comment_status":"open","ping_status":"open","sticky":false,"template":"","format":"standard","meta":{"footnotes":""},"categories":[74,556,9],"tags":[1436,485],"class_list":["post-26021","post","type-post","status-publish","format-standard","has-post-thumbnail","hentry","category-aula-universitaria","category-departamento","category-politica","tag-canal-tro","tag-ludy-paez-ortega"],"_links":{"self":[{"href":"https:\/\/contraluzcucuta.co\/index.php?rest_route=\/wp\/v2\/posts\/26021","targetHints":{"allow":["GET"]}}],"collection":[{"href":"https:\/\/contraluzcucuta.co\/index.php?rest_route=\/wp\/v2\/posts"}],"about":[{"href":"https:\/\/contraluzcucuta.co\/index.php?rest_route=\/wp\/v2\/types\/post"}],"author":[{"embeddable":true,"href":"https:\/\/contraluzcucuta.co\/index.php?rest_route=\/wp\/v2\/users\/1"}],"replies":[{"embeddable":true,"href":"https:\/\/contraluzcucuta.co\/index.php?rest_route=%2Fwp%2Fv2%2Fcomments&post=26021"}],"version-history":[{"count":1,"href":"https:\/\/contraluzcucuta.co\/index.php?rest_route=\/wp\/v2\/posts\/26021\/revisions"}],"predecessor-version":[{"id":26023,"href":"https:\/\/contraluzcucuta.co\/index.php?rest_route=\/wp\/v2\/posts\/26021\/revisions\/26023"}],"wp:featuredmedia":[{"embeddable":true,"href":"https:\/\/contraluzcucuta.co\/index.php?rest_route=\/wp\/v2\/media\/26022"}],"wp:attachment":[{"href":"https:\/\/contraluzcucuta.co\/index.php?rest_route=%2Fwp%2Fv2%2Fmedia&parent=26021"}],"wp:term":[{"taxonomy":"category","embeddable":true,"href":"https:\/\/contraluzcucuta.co\/index.php?rest_route=%2Fwp%2Fv2%2Fcategories&post=26021"},{"taxonomy":"post_tag","embeddable":true,"href":"https:\/\/contraluzcucuta.co\/index.php?rest_route=%2Fwp%2Fv2%2Ftags&post=26021"}],"curies":[{"name":"wp","href":"https:\/\/api.w.org\/{rel}","templated":true}]}}