{"id":26018,"date":"2016-02-19T15:29:57","date_gmt":"2016-02-19T20:29:57","guid":{"rendered":"http:\/\/contraluzcucuta.co\/?p=26018"},"modified":"2016-02-21T14:13:06","modified_gmt":"2016-02-21T19:13:06","slug":"actividad-edificadora-desaceleracion-en-los-patios-y-liderazgo-en-cucuta","status":"publish","type":"post","link":"https:\/\/contraluzcucuta.co\/?p=26018","title":{"rendered":"ACTIVIDAD EDIFICADORA. Desaceleraci\u00f3n en Los Patios y liderazgo en C\u00facuta"},"content":{"rendered":"<p><strong>C\u00daCUTA.-<\/strong> Camacol Norte de Santander mostr\u00f3 preocupaci\u00f3n por el comienzo lento de las construcciones en el \u00c1rea Metropolitana de C\u00facuta. \u201c<strong>El inicio de la actividad edificadora en el 2016 resulta reducido<\/strong> respecto al promedio y a la doceava parte que conforma el a\u00f1o completo\u201d, explic\u00f3 el gremio en el portafolio elaborado por el Departamento Econ\u00f3mico.<\/p>\n<p>La explicaci\u00f3n, sustentada con gr\u00e1ficos para permitir el entendimiento de las cifras, anota que <strong>en el primer mes de cada a\u00f1o se presenta una coyuntura parecida o similar a la que ocurre en este momento<\/strong>.<\/p>\n<p>La cifra que registra Villa del Rosario para enero es extremadamente reducida. La actividad en el mes inicial de los a\u00f1os calculados para el informe resulta con un parecido al actual. Igual que los otros dos municipios metropolitanos, para enero del 2016.<\/p>\n<p><strong>Los Patios muestra una cifra muy baja con una actividad edificadora casi inexistente<\/strong>. \u201cEs de esperarse que a partir del pr\u00f3ximo mes se impulse el licenciamiento de edificaciones con \u00e1reas significativas, especialmente las de orden social con caracter\u00edsticas de apalancamiento del Gobierno\u201d, dice el an\u00e1lisis de Camacol.<\/p>\n<p>En el estudio, <strong>C\u00facuta se aprecia distante de Villa del Rosario<\/strong> de manera comparativa porcentual, mientras que la totalidad de los municipios medios evaluados resultan con guarismos reducidos. En diciembre de 2015, hubo un pico relevante. En septiembre, se refleja un valle durante el resto de mensualidades.<\/p>\n<p>Para enero, puede resultar repetitivo por ser el inicio de la anualidad y no traer cifras acumuladas. No obstante, debe mirarse recurrentemente el letargo que muestra el \u00c1rea Metropolitana en su conjunto para \u00a0la iniciaci\u00f3n de la actividad edificadora.<\/p>\n<p><strong>\u201cLamentablemente, enero es casi inobservable por la cifra tan reducida o baja\u201d<\/strong>, se\u00f1al\u00f3 Camacol. Destaca la obvia supremac\u00eda de C\u00facuta y el oscilante movimiento en Villa del Rosario y Los Patios. En el periodo 2012 \u2013 2016, el liderazgo es evidente en el 2015. En cambio el 2016 es casi imperceptible por las cifras bajas de enero.<\/p>\n<p>Algunas de las conclusiones de la evaluaci\u00f3n del gremio edificador son las siguientes:<\/p>\n<p>1.- Se confirma la variabilidad porcentual y la participaci\u00f3n municipal en el contexto metropolitano.<\/p>\n<p>2.- <strong>Se ratifica la desaceleraci\u00f3n de la actividad en Los Patios y el liderazgo en C\u00facuta.<\/strong><\/p>\n<p>3.- La capital de Norte de Santander gana terreno geom\u00e9trico como consecuencia del profundo descenso de los otros municipios evaluados.<\/p>\n<p>4.- En el 2016, se evidencia que los proyectos desarrollados en altura para vivienda de inter\u00e9s social est\u00e1n ausentes en el inicio de la anualidad.<\/p>\n<p>5.- Se muestra la prevalencia de las viviendas unifamiliares, que hab\u00edan sido o ven\u00edan siendo superadas constante y recurrentemente por los apartamentos o edificaciones en altura.<\/p>\n<p>6.- Elemental resulta que <strong>las unidades de locales comerciales y bifamiliares presenten una lectura extremadamente reducida.<\/strong><\/p>\n<p><strong>Foto: <a href=\"http:\/\/www.contraluzcucuta.co\">www.contraluzcucuta.co<\/a><\/strong><\/p>\n<p>&nbsp; <\/p>\n","protected":false},"excerpt":{"rendered":"<p>C\u00daCUTA.- Camacol Norte de Santander mostr\u00f3 preocupaci\u00f3n por el comienzo lento de las construcciones en el \u00c1rea Metropolitana de C\u00facuta. \u201cEl inicio de la actividad edificadora en el 2016 resulta reducido respecto al promedio y a la doceava parte que conforma el a\u00f1o completo\u201d, explic\u00f3 el gremio en el portafolio elaborado por el Departamento Econ\u00f3mico. &hellip;<\/p>\n","protected":false},"author":1,"featured_media":26019,"comment_status":"open","ping_status":"open","sticky":false,"template":"","format":"standard","meta":{"footnotes":""},"categories":[541,6],"tags":[2752,1799,827],"class_list":["post-26018","post","type-post","status-publish","format-standard","has-post-thumbnail","hentry","category-ciudad","category-ojo-avizor","tag-actividad-edificadora","tag-actividad-edificadora-en-cucuta","tag-camacol-norte-de-santander"],"_links":{"self":[{"href":"https:\/\/contraluzcucuta.co\/index.php?rest_route=\/wp\/v2\/posts\/26018","targetHints":{"allow":["GET"]}}],"collection":[{"href":"https:\/\/contraluzcucuta.co\/index.php?rest_route=\/wp\/v2\/posts"}],"about":[{"href":"https:\/\/contraluzcucuta.co\/index.php?rest_route=\/wp\/v2\/types\/post"}],"author":[{"embeddable":true,"href":"https:\/\/contraluzcucuta.co\/index.php?rest_route=\/wp\/v2\/users\/1"}],"replies":[{"embeddable":true,"href":"https:\/\/contraluzcucuta.co\/index.php?rest_route=%2Fwp%2Fv2%2Fcomments&post=26018"}],"version-history":[{"count":1,"href":"https:\/\/contraluzcucuta.co\/index.php?rest_route=\/wp\/v2\/posts\/26018\/revisions"}],"predecessor-version":[{"id":26020,"href":"https:\/\/contraluzcucuta.co\/index.php?rest_route=\/wp\/v2\/posts\/26018\/revisions\/26020"}],"wp:featuredmedia":[{"embeddable":true,"href":"https:\/\/contraluzcucuta.co\/index.php?rest_route=\/wp\/v2\/media\/26019"}],"wp:attachment":[{"href":"https:\/\/contraluzcucuta.co\/index.php?rest_route=%2Fwp%2Fv2%2Fmedia&parent=26018"}],"wp:term":[{"taxonomy":"category","embeddable":true,"href":"https:\/\/contraluzcucuta.co\/index.php?rest_route=%2Fwp%2Fv2%2Fcategories&post=26018"},{"taxonomy":"post_tag","embeddable":true,"href":"https:\/\/contraluzcucuta.co\/index.php?rest_route=%2Fwp%2Fv2%2Ftags&post=26018"}],"curies":[{"name":"wp","href":"https:\/\/api.w.org\/{rel}","templated":true}]}}