{"id":26015,"date":"2016-02-19T14:46:42","date_gmt":"2016-02-19T19:46:42","guid":{"rendered":"http:\/\/contraluzcucuta.co\/?p=26015"},"modified":"2016-02-21T13:59:37","modified_gmt":"2016-02-21T18:59:37","slug":"jornada-nacional-vacunados-4000-ninos-en-norte-de-santander","status":"publish","type":"post","link":"https:\/\/contraluzcucuta.co\/?p=26015","title":{"rendered":"JORNADA NACIONAL. Vacunados 4000 ni\u00f1os en Norte de Santander"},"content":{"rendered":"<p><strong>C\u00daCUTA.-<\/strong> <strong>Mil novecientos cuarentai\u00fan ni\u00f1os menores de 12 meses y 2006 de un a\u00f1o fueron vacunados<\/strong> con biol\u00f3gicos del Esquema Nacional de Vacunaci\u00f3n. La Primera jornada nacional se adelant\u00f3 en los 40 municipios de Norte de Santander. En la campa\u00f1a fue superada la meta proyectada para el primer mes de 2016.<\/p>\n<p>C\u00facuta, Chitag\u00e1, C\u00e1cota, El Tarra, Hacar\u00ed, Mutiscua, Salazar de Las Palmas y Sardinata fueron los municipios con mayor registro de ni\u00f1os y ni\u00f1as inmunizados. La participaci\u00f3n masiva permiti\u00f3 que el departamento cumpliera coberturas en la primera medici\u00f3n del a\u00f1o, adelantada por el Ministerio de Salud y Protecci\u00f3n Social.<\/p>\n<p>Alcald\u00edas, empresas administradoras de planes de beneficios (antiguas EPS) y ESE atendieron las orientaciones del Instituto Departamental de Salud. <strong>El objetivo es garantizar la vacunaci\u00f3n de ni\u00f1os<\/strong> menores de 12 meses, de un a\u00f1o y de 5 a\u00f1os, madres gestantes (t\u00e9tanos neonatal) y adultos mayores (influenza estacional).<\/p>\n<p><strong>La estrategia se llev\u00f3 a cabo mediante visitas casa a casa y con la instalaci\u00f3n de puestos sat\u00e9lites<\/strong> que permitieron abarcar comunidades de zonas rurales y de dif\u00edcil acceso. Enfermeros regionales fortalecieron la presencia institucional en las cuatro subregiones.<\/p>\n<p><strong>El personal de salud verific\u00f3 y complet\u00f3 esquemas en Silos, Toledo,\u00a0 Sardinata y Lourdes<\/strong>.\u00a0 En C\u00facuta, personal de salud respald\u00f3 la labor desarrollada en las Unidades B\u00e1sicas de Atenci\u00f3n Loma de Bol\u00edvar, La Libertad, Puente Barco-Leones, EAPB Coomeva, IPS Polic\u00eda, Vihonco, Fundaci\u00f3n M\u00e9dico Preventiva y Caobos.<\/p>\n<p>La labor se ejecut\u00f3 con aliados en salud en C\u00facuta, hospitales, IPS y Centros de Salud de Villa del Rosario, Los Patios y municipios metropolitanos con alta concentraci\u00f3n de poblaci\u00f3n.<\/p>\n<p>El apoyo de la Red de Gestores Sociales del departamento permiti\u00f3 aunar esfuerzos con las administraciones municipales para llamar la atenci\u00f3n de padres de familia y cuidadores frente la importancia de la vacunaci\u00f3n para prevenir enfermedades.<\/p>\n<p>Juan Alberto Bitar, director del Instituto Departamental de Salud, dijo que <strong>todos los d\u00edas son de vacunaci\u00f3n.<\/strong> \u201cPromocionamos la vacunaci\u00f3n uniendo esfuerzos para recordar a padres y cuidadores que los ni\u00f1os se deben llevar a las instituciones de salud para la vacunaci\u00f3n ocho veces: al nacer, a los 2, 4, 6 y 7 meses, al a\u00f1o, al a\u00f1o y medio y a los cinco a\u00f1os. Esa es la mayor muestra de amor y nuestro compromiso\u201d.<\/p>\n<p><strong>Foto: PRENSA GOBERNACI\u00d3N<\/strong><\/p>\n<p>&nbsp; <\/p>\n","protected":false},"excerpt":{"rendered":"<p>C\u00daCUTA.- Mil novecientos cuarentai\u00fan ni\u00f1os menores de 12 meses y 2006 de un a\u00f1o fueron vacunados con biol\u00f3gicos del Esquema Nacional de Vacunaci\u00f3n. La Primera jornada nacional se adelant\u00f3 en los 40 municipios de Norte de Santander. En la campa\u00f1a fue superada la meta proyectada para el primer mes de 2016. C\u00facuta, Chitag\u00e1, C\u00e1cota, El &hellip;<\/p>\n","protected":false},"author":1,"featured_media":26016,"comment_status":"open","ping_status":"open","sticky":false,"template":"","format":"standard","meta":{"footnotes":""},"categories":[556,4,32],"tags":[2751],"class_list":["post-26015","post","type-post","status-publish","format-standard","has-post-thumbnail","hentry","category-departamento","category-barra","category-recorrido-por-la-region","tag-jornada-nacional-de-vacunacion"],"_links":{"self":[{"href":"https:\/\/contraluzcucuta.co\/index.php?rest_route=\/wp\/v2\/posts\/26015","targetHints":{"allow":["GET"]}}],"collection":[{"href":"https:\/\/contraluzcucuta.co\/index.php?rest_route=\/wp\/v2\/posts"}],"about":[{"href":"https:\/\/contraluzcucuta.co\/index.php?rest_route=\/wp\/v2\/types\/post"}],"author":[{"embeddable":true,"href":"https:\/\/contraluzcucuta.co\/index.php?rest_route=\/wp\/v2\/users\/1"}],"replies":[{"embeddable":true,"href":"https:\/\/contraluzcucuta.co\/index.php?rest_route=%2Fwp%2Fv2%2Fcomments&post=26015"}],"version-history":[{"count":1,"href":"https:\/\/contraluzcucuta.co\/index.php?rest_route=\/wp\/v2\/posts\/26015\/revisions"}],"predecessor-version":[{"id":26017,"href":"https:\/\/contraluzcucuta.co\/index.php?rest_route=\/wp\/v2\/posts\/26015\/revisions\/26017"}],"wp:featuredmedia":[{"embeddable":true,"href":"https:\/\/contraluzcucuta.co\/index.php?rest_route=\/wp\/v2\/media\/26016"}],"wp:attachment":[{"href":"https:\/\/contraluzcucuta.co\/index.php?rest_route=%2Fwp%2Fv2%2Fmedia&parent=26015"}],"wp:term":[{"taxonomy":"category","embeddable":true,"href":"https:\/\/contraluzcucuta.co\/index.php?rest_route=%2Fwp%2Fv2%2Fcategories&post=26015"},{"taxonomy":"post_tag","embeddable":true,"href":"https:\/\/contraluzcucuta.co\/index.php?rest_route=%2Fwp%2Fv2%2Ftags&post=26015"}],"curies":[{"name":"wp","href":"https:\/\/api.w.org\/{rel}","templated":true}]}}