{"id":26011,"date":"2016-02-19T14:25:13","date_gmt":"2016-02-19T19:25:13","guid":{"rendered":"http:\/\/contraluzcucuta.co\/?p=26011"},"modified":"2016-02-21T13:50:26","modified_gmt":"2016-02-21T18:50:26","slug":"opinion-la-estupidez-en-la-comunicacion","status":"publish","type":"post","link":"https:\/\/contraluzcucuta.co\/?p=26011","title":{"rendered":"OPINI\u00d3N. La estupidez en la comunicaci\u00f3n"},"content":{"rendered":"<p>Sin percatarnos,\u00a0 el periodismo colombiano abri\u00f3 la puerta a \u2018La Estupidez\u2019, por la falta de humanismo en algunos comunicadores para discernir lo que realmente es de inter\u00e9s p\u00fablico y desde esa \u00f3ptica sopesar\u00a0 la\u00a0 informaci\u00f3n, que, disfrazada de primicia, solo busca beneficiar a terceros, que se valen de la incapacidad de algunos comunicadores para evaluar contenidos que da\u00f1an a las personas en lo humano y su entorno.<\/p>\n<p>El maestro Javier Dar\u00edo Restrepo se\u00f1al\u00f3 que &#8220;el periodista debe saber qu\u00e9 es informaci\u00f3n de bien com\u00fan&#8221;, y advierte &#8220;si esta no tiene esa caracter\u00edstica es inv\u00e1lida, bajo cualquier pretexto&#8221;. Esa mal\u00e9vola escuela que hace met\u00e1stasis en los medios de comunicaci\u00f3n no es v\u00e1lida en la pr\u00e1ctica del buen periodismo, solo se presta para aupar la injuria contra quien no sucumbe a un inter\u00e9s\u00a0 en\u00a0 lo personal, econ\u00f3mico o sexual. Pero hay algo m\u00e1s grave, el comunicador termina, si no tiene la capacidad de discernir, siendo el &#8220;est\u00fapido\u00a0 \u00fatil&#8221; de qui\u00e9n busca, mediante este m\u00e9todo, difamar a quien no cumple\u00a0 una exigencia.<\/p>\n<p>En el foro &#8220;La estupidez, una reflexi\u00f3n urgente&#8221;, organizado por la Universidad Externado de Colombia y la Personer\u00eda de Bogot\u00e1, se analiz\u00f3 &#8220;La Estupidez&#8221; como causa de nuestro atraso comunicacional. La directora de la Silla Vac\u00eda, Juanita Le\u00f3n, revel\u00f3 que \u201cla estupidez solo sirve para mantener y promover un mal periodismo&#8221;, y agreg\u00f3 que el problema que hoy viven\u00a0 los periodistas en las regiones es la autocensura que los amarra\u00a0 a la pauta oficial y que ha hecho que all\u00ed el oficio del periodismo sirva a determinados intereses. \u201cEse es un periodismo\u00a0 de circo y pan, pero con m\u00e1s circo que\u00a0 pan&#8221;.<\/p>\n<p>\u00bfQu\u00e9 hacer? Es la pregunta que hoy se hace el pa\u00eds ante los recientes hechos en los que una periodista tumb\u00f3 a un general de la Polic\u00eda y el general sac\u00f3 del medio\u00a0 a una periodista. Pues dir\u00edamos que muy poco, mientras que en las facultades de comunicaci\u00f3n social no se impregne la m\u00e1xima de Ryszard Kapuscinski: &#8220;Para ejercer el periodismo, ante todo, hay que ser buenos seres humanos. Las malas personas no pueden ser buenos periodistas. Si se es una buena persona, se puede intentar comprender a los dem\u00e1s, sus intenciones, su fe, sus intereses, sus dificultades y sus tragedias&#8221;.<\/p>\n<p>De igual manera, mientras que no se propenda desde el medio por el respeto y la coherencia a comunicadores que divagan, muchos de ellos,\u00a0 entre el morbo y la especulaci\u00f3n haciendo de contenidos sin relevancia, en lo esencial y lo comunicacional,\u00a0 un sainete para lectores, oyentes y televidentes ser\u00e1n, tambi\u00e9n los due\u00f1os, de esos medios\u00a0 responsables en gran medida, de esta estupidez.<\/p>\n<p><strong>JUAN RICARDO G\u00c9LVEZ<\/strong><\/p>\n<p><strong><a href=\"mailto:juanricardogelvez@hotmail.com\">juanricardogelvez@hotmail.com<\/a><\/strong><\/p>\n<p><strong>Foto: letras.unmsm.edu.pe<\/strong><\/p>\n<p><strong>\u00a0<\/strong><\/p>\n<p><strong>\u00a0<\/strong> <\/p>\n","protected":false},"excerpt":{"rendered":"<p>Sin percatarnos,\u00a0 el periodismo colombiano abri\u00f3 la puerta a \u2018La Estupidez\u2019, por la falta de humanismo en algunos comunicadores para discernir lo que realmente es de inter\u00e9s p\u00fablico y desde esa \u00f3ptica sopesar\u00a0 la\u00a0 informaci\u00f3n, que, disfrazada de primicia, solo busca beneficiar a terceros, que se valen de la incapacidad de algunos comunicadores para evaluar &hellip;<\/p>\n","protected":false},"author":1,"featured_media":26012,"comment_status":"open","ping_status":"open","sticky":false,"template":"","format":"standard","meta":{"footnotes":""},"categories":[14,74],"tags":[2749,2646,2750],"class_list":["post-26011","post","type-post","status-publish","format-standard","has-post-thumbnail","hentry","category-articulistas","category-aula-universitaria","tag-articulistas-contraluz","tag-juan-ricardo-gelvez","tag-periodismo-de-opinion"],"_links":{"self":[{"href":"https:\/\/contraluzcucuta.co\/index.php?rest_route=\/wp\/v2\/posts\/26011","targetHints":{"allow":["GET"]}}],"collection":[{"href":"https:\/\/contraluzcucuta.co\/index.php?rest_route=\/wp\/v2\/posts"}],"about":[{"href":"https:\/\/contraluzcucuta.co\/index.php?rest_route=\/wp\/v2\/types\/post"}],"author":[{"embeddable":true,"href":"https:\/\/contraluzcucuta.co\/index.php?rest_route=\/wp\/v2\/users\/1"}],"replies":[{"embeddable":true,"href":"https:\/\/contraluzcucuta.co\/index.php?rest_route=%2Fwp%2Fv2%2Fcomments&post=26011"}],"version-history":[{"count":1,"href":"https:\/\/contraluzcucuta.co\/index.php?rest_route=\/wp\/v2\/posts\/26011\/revisions"}],"predecessor-version":[{"id":26013,"href":"https:\/\/contraluzcucuta.co\/index.php?rest_route=\/wp\/v2\/posts\/26011\/revisions\/26013"}],"wp:featuredmedia":[{"embeddable":true,"href":"https:\/\/contraluzcucuta.co\/index.php?rest_route=\/wp\/v2\/media\/26012"}],"wp:attachment":[{"href":"https:\/\/contraluzcucuta.co\/index.php?rest_route=%2Fwp%2Fv2%2Fmedia&parent=26011"}],"wp:term":[{"taxonomy":"category","embeddable":true,"href":"https:\/\/contraluzcucuta.co\/index.php?rest_route=%2Fwp%2Fv2%2Fcategories&post=26011"},{"taxonomy":"post_tag","embeddable":true,"href":"https:\/\/contraluzcucuta.co\/index.php?rest_route=%2Fwp%2Fv2%2Ftags&post=26011"}],"curies":[{"name":"wp","href":"https:\/\/api.w.org\/{rel}","templated":true}]}}