{"id":26001,"date":"2016-02-17T19:49:51","date_gmt":"2016-02-18T00:49:51","guid":{"rendered":"http:\/\/contraluzcucuta.co\/?p=26001"},"modified":"2016-02-19T16:40:30","modified_gmt":"2016-02-19T21:40:30","slug":"cucuta-deportivo-me-gustaria-volver-al-equipo-marcos-lazaga","status":"publish","type":"post","link":"https:\/\/contraluzcucuta.co\/?p=26001","title":{"rendered":"C\u00daCUTA DEPORTIVO. \u201cMe gustar\u00eda volver al equipo\u201d: Marcos Lazaga"},"content":{"rendered":"<p><strong>C\u00daCUTA.-<\/strong> Quiz\u00e1s en el pensamiento colectivo de los cucute\u00f1os pesen m\u00e1s los recuerdos positivos que los negativos, cuando se habla de Marcos Lazaga. Desde la llegada al C\u00facuta Deportivo con el encargo de ayudar al equipo para volver a la A hasta el momento de la salida en medio de esc\u00e1ndalos no futbol\u00edsticos el nombre de este paraguayo estuvo en boca de los aficionados motilones.<\/p>\n<p>El ex Cobreloa y Everton convirti\u00f3 el gol definitivo para el que once rojinegro ascendiera a la A del f\u00fatbol profesional colombiano, en enero del 2015. El tanto lo marc\u00f3 con la mano y de ah\u00ed en adelante se desat\u00f3 la pol\u00e9mica en el pa\u00eds. El jugador recibi\u00f3 una sanci\u00f3n por el enga\u00f1o al \u00e1rbitro y el C\u00facuta a los pocos meses regres\u00f3 a la B. De nada vali\u00f3 el sacrificio del\u00a0 delantero nacido en Nanawa (Paraguay), el 26 de febrero de 1983.<\/p>\n<p>En d\u00edas pasados el futbolista y su representante en Colombia hablaron para analizar la posibilidad de volver a vestir la camiseta rojinegra. \u201cLe dije que s\u00ed, que me gustar\u00eda\u201d, dijo Lazaga en di\u00e1logo telef\u00f3nico con los periodistas del programa radial el Radar del Deporte. \u201cUno tiene que tener la revancha\u201d.<\/p>\n<p>Reconoci\u00f3 que sali\u00f3 mal del cuadro fronterizo, pero est\u00e1 seguro de que si se habla se resolver\u00e1n los malos entendidos. Hasta el momento no ha conversado con el presidente del club Jos\u00e9 Augusto Cadena. En el C\u00facuta, aunque jug\u00f3 pocos partidos, se gan\u00f3 el apreci\u00f3 de los hinchas, que ver\u00edan con buenos ojos la vuelta.<\/p>\n<p>La relaci\u00f3n con Cadena es de a\u00f1os atr\u00e1s y se conocen las maneras de actuar y de pensar. \u201cTengo que hablar personalmente, porque desde lejos no se puede negociar nada. Aunque no vuelva, me gustar\u00eda terminar bien con \u00e9l\u201d. Las condiciones futbol\u00edsticas y personales las pondr\u00e1n en el momento del di\u00e1logo con el presidente.<\/p>\n<p>La sanci\u00f3n impuesta por convertir el gol con la mano fue de tres meses, que se cumplieron en el 2015. Ahora, tiene la intenci\u00f3n de mostrarles a los cucute\u00f1os lo que es como jugador, porque solo actu\u00f3 tres partidos en los cuadrangulares en Bogot\u00e1 y dos de la Liga. \u201cMe encantar\u00eda volver\u201d.<\/p>\n<p>Del t\u00e9cnico oca\u00f1ero Miguel Augusto Prince dijo que no lo conoce, como tampoco sabe de Nani ni de Graci\u00e1n. A pesar de eso insisti\u00f3 en que le gustar\u00eda tener la segunda oportunidad para demostrar lo que es como persona y como futbolista.<\/p>\n<p>En Patriotas jug\u00f3 a\u00f1o y medio y convirti\u00f3 25 goles. De C\u00facuta tiene los mejores recuerdos y guarda un especial cari\u00f1o para con la gente.\u00a0 A la salida de la ciudad viaj\u00f3 a Manta (Ecuador), donde jug\u00f3 cerca de una veintena de partidos. Termin\u00f3 el contrato por estimar que es una ciudad costosa para vivir por la condici\u00f3n tur\u00edstica.<\/p>\n<p>En los directivos est\u00e1 la carta que har\u00eda regresar a Marcos Lazaga para vestir la casaca rojinegra en este momento que se requieren l\u00edderes en el equipo para despertar la ilusi\u00f3n de los aficionados.<\/p>\n<p><strong>ENTREVISTA: Radar del Deporte<\/strong><\/p>\n<p><strong>Foto: futbolred.com<\/strong><\/p>\n<p><strong>\u00a0<\/strong> <\/p>\n","protected":false},"excerpt":{"rendered":"<p>C\u00daCUTA.- Quiz\u00e1s en el pensamiento colectivo de los cucute\u00f1os pesen m\u00e1s los recuerdos positivos que los negativos, cuando se habla de Marcos Lazaga. Desde la llegada al C\u00facuta Deportivo con el encargo de ayudar al equipo para volver a la A hasta el momento de la salida en medio de esc\u00e1ndalos no futbol\u00edsticos el nombre &hellip;<\/p>\n","protected":false},"author":1,"featured_media":26002,"comment_status":"open","ping_status":"open","sticky":false,"template":"","format":"standard","meta":{"footnotes":""},"categories":[39,28],"tags":[2628,2742],"class_list":["post-26001","post","type-post","status-publish","format-standard","has-post-thumbnail","hentry","category-miradas-ajenas","category-vistazo-deportivo","tag-cucuta-deportivo-2016","tag-marcos-lazaga"],"_links":{"self":[{"href":"https:\/\/contraluzcucuta.co\/index.php?rest_route=\/wp\/v2\/posts\/26001","targetHints":{"allow":["GET"]}}],"collection":[{"href":"https:\/\/contraluzcucuta.co\/index.php?rest_route=\/wp\/v2\/posts"}],"about":[{"href":"https:\/\/contraluzcucuta.co\/index.php?rest_route=\/wp\/v2\/types\/post"}],"author":[{"embeddable":true,"href":"https:\/\/contraluzcucuta.co\/index.php?rest_route=\/wp\/v2\/users\/1"}],"replies":[{"embeddable":true,"href":"https:\/\/contraluzcucuta.co\/index.php?rest_route=%2Fwp%2Fv2%2Fcomments&post=26001"}],"version-history":[{"count":1,"href":"https:\/\/contraluzcucuta.co\/index.php?rest_route=\/wp\/v2\/posts\/26001\/revisions"}],"predecessor-version":[{"id":26003,"href":"https:\/\/contraluzcucuta.co\/index.php?rest_route=\/wp\/v2\/posts\/26001\/revisions\/26003"}],"wp:featuredmedia":[{"embeddable":true,"href":"https:\/\/contraluzcucuta.co\/index.php?rest_route=\/wp\/v2\/media\/26002"}],"wp:attachment":[{"href":"https:\/\/contraluzcucuta.co\/index.php?rest_route=%2Fwp%2Fv2%2Fmedia&parent=26001"}],"wp:term":[{"taxonomy":"category","embeddable":true,"href":"https:\/\/contraluzcucuta.co\/index.php?rest_route=%2Fwp%2Fv2%2Fcategories&post=26001"},{"taxonomy":"post_tag","embeddable":true,"href":"https:\/\/contraluzcucuta.co\/index.php?rest_route=%2Fwp%2Fv2%2Ftags&post=26001"}],"curies":[{"name":"wp","href":"https:\/\/api.w.org\/{rel}","templated":true}]}}