{"id":25992,"date":"2016-02-17T16:17:57","date_gmt":"2016-02-17T21:17:57","guid":{"rendered":"http:\/\/contraluzcucuta.co\/?p=25992"},"modified":"2016-02-19T15:01:51","modified_gmt":"2016-02-19T20:01:51","slug":"reportaje-de-que-mueren-los-cucutenos","status":"publish","type":"post","link":"https:\/\/contraluzcucuta.co\/?p=25992","title":{"rendered":"REPORTAJE. \u00bfDe qu\u00e9 mueren los cucute\u00f1os?"},"content":{"rendered":"<p>\u201cNo hay remedios contra la muerte, pero la muerte en s\u00ed es un remedio\u201d. La muerte para muchos es una etapa natural por la que los seres humanos, en alg\u00fan momento de la vida, pasar\u00e1n. Sin embargo, es una fase para la que no se est\u00e1 preparado.<\/p>\n<p>Hay diferentes razones por las cuales se puede morir. En C\u00facuta no hay presencia de enfermedades hu\u00e9rfanas, pero s\u00ed de patolog\u00edas de inmensa gravedad que hacen un llamado a la compa\u00f1era fiel, la muerte.<\/p>\n<p>El r\u00edo Pamplonita, que atraviesa varios sectores cucute\u00f1os, atrae \u00a0a las ETV, conocidas como patolog\u00edas trasmitidas por animales diminutos. La comunidad desconoce las medidas de control y el aseguramiento para prevenir la cr\u00eda de insectos portadores de virus.<\/p>\n<p>En estos tiempos, en los que la contaminaci\u00f3n ambiental y dem\u00e1s fen\u00f3menos naturales se han agravado, vuelve a o\u00edrse en la ciudad acerca del surgimiento de virus que afectan la salud de ni\u00f1os y adultos. El Canal Bogot\u00e1 y otros ca\u00f1os ubicados en el \u00e1rea urbana recolectan las aguas lluvias y por inconciencia de los residentes se amontonan basuras y escombros. \u201cAll\u00e1, se la pasan los gamines. Eso ni para qu\u00e9 cuidar. Existen d\u00edas en los que el olor es insoportable y a pesar de eso no se van\u201d, dijo Diana Jaimes, residente en zonas aleda\u00f1as.<\/p>\n<p>La acumulaci\u00f3n excesiva de agua reproduce al misterioso y peque\u00f1o zancudo de patas largas y cuerpo alargado, el Aedes Aegypti, portador del dengue, la fiebre amarilla, el chicungu\u00f1a y zika. En el 2013, se reportaron 2625 casos de dengue, seg\u00fan la Secretar\u00eda de Salud. Este mal\u00a0 inicia de manera repentina, con fiebre que supera los siete d\u00edas, acompa\u00f1ada de intensos dolores musculares, pulso r\u00e1pido, piel fr\u00eda y sudorosa.<\/p>\n<p>Existe el rumor de que varios de los sistemas que prestan el servicio de salud desconocen c\u00f3mo atender a los pacientes o no cubren los tratamientos para la enfermedad. Adem\u00e1s del servicio ineficiente.<\/p>\n<p>&#8220;Hace dos meses me diagnosticaron c\u00e1ncer y la EPS a la que me encuentro afiliada a\u00fan no ha tomado las medidas necesarias para controlar mis dolores y padecimientos\u201d, dijo Laura (*).<\/p>\n<p>No se pueden dejar de mencionar las enfermedades de transmisi\u00f3n sexual, que tambi\u00e9n han cobrado su cuota de vida. De acuerdo con informaci\u00f3n suministrada la cl\u00ednica San Jos\u00e9 de C\u00facuta, las m\u00e1s comunes son el herpes, la s\u00edfilis, el papiloma humano y el sida.<\/p>\n<p>El aborto es practicado en la ciudad, aunque de manera discreta. En el 2015, la Secretar\u00eda de Salud tiene registrados 160 casos espont\u00e1neos o inducidos. Esas criaturas no alcanzaron a conocer la maravillosa ciudad en la que iban a nacer y esta es otra causa de muerte entre la poblaci\u00f3n cucute\u00f1a.<\/p>\n<p>C\u00facuta se identifica por ser una cuidad ardiente y se caracteriza por el contrabando. Es com\u00fan caminar por las calles y encontrar vendedores de gasolina en pimpinas, con el cansancio marcado en el rostro y el sudor desliz\u00e1ndose por las mejillas. El riesgo de incendio es grande, seg\u00fan el Cuerpo de Bomberos Voluntarios.<\/p>\n<p>La muerte llega de manera espont\u00e1nea, sin llamarla, sin buscarla. Centenares de cucute\u00f1os caminan con tranquilidad por las v\u00edas sin prever los principales eventos que ocasionan enfermedades de inimaginable calibre. En distintos municipios fronterizos con Venezuela, ocurrieron casos de inter\u00e9s de salud p\u00fablica.<\/p>\n<p>La delincuencia y el comercio informal traen hurtos, lesiones personales y homicidios en la capital de Norte de Santander. Algunas comunidades \u00a0\u00a0temen salir en la noche para evitar ser v\u00edctimas de la delincuencia. \u201cA mi hijo lo mataron el a\u00f1o pasado. No deb\u00eda nada a nadie, nunca supimos cu\u00e1l fue la raz\u00f3n que provoc\u00f3 su muerte\u201d, coment\u00f3 Nancy Berbes\u00ed, madre de Reyner Torres, asesinado a finales de diciembre del 2014.<\/p>\n<p>La mortalidad es un indicador b\u00e1sico de salud. Llorar las muertes renueva el alma y la libera, hasta dejarlos descansar en paz y velarlos de manera digna. Para la asistencia funeraria es necesario el certificado de defunci\u00f3n de Medicina Legal. Si por una enfermad debe existir un certificado del m\u00e9dico tratante.<\/p>\n<p>Morirse pone a temblar la cartera de los cucute\u00f1os, pues los gastos de un funeral son elevados y van desde $ 480.000 hasta $ 3,5 millones. El valor depende de los servicios que incluyan funeral, ata\u00fad, ramos, carroza, asistencia en la tanatoest\u00e9tica (arreglos est\u00e9ticos al difunto) y recarga por la distancia. Este gasto preocupa a la ciudadan\u00eda, porque no todos cuentan con el monto necesario. \u00bfC\u00f3mo se imagina el d\u00eda de su muerte?<\/p>\n<p><strong>DIANA PUERTO &#8211; SUSANA GODOY &#8211; WILMER ORTIZ<\/strong><\/p>\n<p><strong>Estudiantes de Comunicaci\u00f3n Social<\/strong><\/p>\n<p><strong>Universidad de Pamplona<\/strong><\/p>\n<p><strong>Campus de Villa del Rosario<\/strong><\/p>\n<p><strong>Foto: elmundo.es<\/strong> <\/p>\n","protected":false},"excerpt":{"rendered":"<p>\u201cNo hay remedios contra la muerte, pero la muerte en s\u00ed es un remedio\u201d. La muerte para muchos es una etapa natural por la que los seres humanos, en alg\u00fan momento de la vida, pasar\u00e1n. Sin embargo, es una fase para la que no se est\u00e1 preparado. Hay diferentes razones por las cuales se puede &hellip;<\/p>\n","protected":false},"author":1,"featured_media":25993,"comment_status":"open","ping_status":"open","sticky":false,"template":"","format":"standard","meta":{"footnotes":""},"categories":[74,9],"tags":[2597,2738,719,161],"class_list":["post-25992","post","type-post","status-publish","format-standard","has-post-thumbnail","hentry","category-aula-universitaria","category-politica","tag-aula-universitaria","tag-muerte-de-cucutenos","tag-unipamplona","tag-universidad-de-pamplona"],"_links":{"self":[{"href":"https:\/\/contraluzcucuta.co\/index.php?rest_route=\/wp\/v2\/posts\/25992","targetHints":{"allow":["GET"]}}],"collection":[{"href":"https:\/\/contraluzcucuta.co\/index.php?rest_route=\/wp\/v2\/posts"}],"about":[{"href":"https:\/\/contraluzcucuta.co\/index.php?rest_route=\/wp\/v2\/types\/post"}],"author":[{"embeddable":true,"href":"https:\/\/contraluzcucuta.co\/index.php?rest_route=\/wp\/v2\/users\/1"}],"replies":[{"embeddable":true,"href":"https:\/\/contraluzcucuta.co\/index.php?rest_route=%2Fwp%2Fv2%2Fcomments&post=25992"}],"version-history":[{"count":1,"href":"https:\/\/contraluzcucuta.co\/index.php?rest_route=\/wp\/v2\/posts\/25992\/revisions"}],"predecessor-version":[{"id":25994,"href":"https:\/\/contraluzcucuta.co\/index.php?rest_route=\/wp\/v2\/posts\/25992\/revisions\/25994"}],"wp:featuredmedia":[{"embeddable":true,"href":"https:\/\/contraluzcucuta.co\/index.php?rest_route=\/wp\/v2\/media\/25993"}],"wp:attachment":[{"href":"https:\/\/contraluzcucuta.co\/index.php?rest_route=%2Fwp%2Fv2%2Fmedia&parent=25992"}],"wp:term":[{"taxonomy":"category","embeddable":true,"href":"https:\/\/contraluzcucuta.co\/index.php?rest_route=%2Fwp%2Fv2%2Fcategories&post=25992"},{"taxonomy":"post_tag","embeddable":true,"href":"https:\/\/contraluzcucuta.co\/index.php?rest_route=%2Fwp%2Fv2%2Ftags&post=25992"}],"curies":[{"name":"wp","href":"https:\/\/api.w.org\/{rel}","templated":true}]}}