{"id":25980,"date":"2016-02-14T20:04:47","date_gmt":"2016-02-15T01:04:47","guid":{"rendered":"http:\/\/contraluzcucuta.co\/?p=25980"},"modified":"2016-02-14T20:05:19","modified_gmt":"2016-02-15T01:05:19","slug":"aula-universitaria-homenaje-a-la-memoria-de-eduardo-villamizar-lamus","status":"publish","type":"post","link":"https:\/\/contraluzcucuta.co\/?p=25980","title":{"rendered":"AULA UNIVERSITARIA. Homenaje a la memoria de Eduardo Villamizar Lamus"},"content":{"rendered":"<p><strong>PAMPLONA &#8211; Norte de Santander.-<\/strong> M\u00faltiples y especiales remembranzas nutren la historia de la Universidad de Pamplona. Actas, documentos, rese\u00f1as y publicaciones narran en detalles los hechos y los personajes que iniciaron y consolidaron la instituci\u00f3n universitaria, que por 55 a\u00f1os se ha mantenido en el tiempo y ha formado generaciones de profesionales.<\/p>\n<p>No se puede contar la historia sin aquellas an\u00e9cdotas que ilustran y evocan. Diez a\u00f1os despu\u00e9s del fallecimiento del cofundador y exrector \u00a0Eduardo Villamizar Lamus, la Universidad de Pamplona conmemora la labor y las calidades humanas de quien en vida aport\u00f3 su voluntad y talento al sue\u00f1o fundacional de brindar educaci\u00f3n superior en la ciudad.<\/p>\n<p>La tarea que desde el principio idealizaba un modelo educativo s\u00f3lido, competitivo y \u00e9tico, forjado del sue\u00f1o del padre Jos\u00e9 Rafael Far\u00eda Berm\u00fadez y de la contribuci\u00f3n de 48 personas que figuran en los registros hist\u00f3ricos institucionales, requiri\u00f3 de Eduardo Villamizar Lamus como gestor.<\/p>\n<p>Junto al visionario que vislumbr\u00f3 a la universidad, Villamizar Lamus, batall\u00f3 ante organismos departamentales y nacionales por la confianza de las m\u00e1ximas entidades educativas para dar luz verde\u00a0 a los objetivos establecidos como ladrillos, puestos uno a uno, en la arquitectura acad\u00e9mica de la casa de estudios.<\/p>\n<p>Secretario General del Comit\u00e9 Fundador y de la Fundaci\u00f3n Universidad de Pamplona (1960-1970), facilitador de los acercamientos entre este \u00f3rgano y el Gobierno para recibir las visitas del Ministerio de Educaci\u00f3n, apoyo del padre Far\u00eda y junto a Ciro Ram\u00edrez, Eduardo Cote Lamus y Eduardo Ram\u00edrez Villamizar adelant\u00f3 las diligencias pertinentes para cumplir con las exigencias y ofertar los primeros programas acad\u00e9micos.<\/p>\n<p>Fue fundamental en la consecuci\u00f3n de recursos financieros para mantener abierta la instituci\u00f3n, aparte de la contribuci\u00f3n que los fundadores otorgaron como base para dar apertura a la Universidad. Gestiones que sumaron a las voluntades y disposiciones de quienes compart\u00edan el deseo de fundarla.<\/p>\n<p>Con el firme prop\u00f3sito de contribuir en la materializaci\u00f3n de la instituci\u00f3n escribi\u00f3 los estatutos, los mismos que fueron aprobados en noviembre de 1960, durante sesi\u00f3n del Comit\u00e9 pro Universidad de Pamplona, y que se constituyeron en carta de navegaci\u00f3n.<\/p>\n<p>Eduardo Villamizar dirigi\u00f3 la Universidad de Pamplona en calidad de rector, primero en asistencia (vicerrector 1970-1973), como encargado durante el per\u00edodo 1973-1975 y \u00a0titular en los periodos 1974-1978 y 1988-1991. Fue decano de la Facultad de Ciencias y jefe de la oficina de Planeaci\u00f3n (1967-1969 -1980-1981-1985-1986).<\/p>\n<p>El Plan de Desarrollo Institucional (1983-1988), tambi\u00e9n obtuvo la contribuci\u00f3n de Eduardo Villamizar, lo que evidencia el compromiso que demostr\u00f3 desde los primeros d\u00edas de vida institucional, cuyas acciones fueron predominantes en el establecimiento de las bases fundacionales y posteriormente en su gesti\u00f3n como rector.<\/p>\n<p>Se recalcan en este reconocimiento a su vida y obra, las arduas acciones que emprendi\u00f3 en Bogot\u00e1 para demostrar la viabilidad del sue\u00f1o que se convirti\u00f3 en proyecto hasta llegar a ser una raz\u00f3n de vida. Destacan, tambi\u00e9n, el compromiso y la gallard\u00eda para afrontar los retos. Su sentido social que le otorgaron la amistad y el afecto de amigos, gran parte de ellos docentes y administrativos de la Universidad, quienes de la mano trabajaron para ver crecer el fruto de los esfuerzos. El talento que de manera fluida emanaba para gestionar y convencer. El carisma que brotaba de un ser humano que como conocedor de las necesidades de los dem\u00e1s busca la manera de ayudar. Portador de una visi\u00f3n amplia y una convicci\u00f3n terca por alcanzar las metas.<\/p>\n<p>\u201cEduardo Villamizar Lamus fue el hombre fundamental en la organizaci\u00f3n y puesta en marcha de la Universidad de Pamplona. En su rector\u00eda aplic\u00f3 todos los principios adquiridos, que hab\u00edan iniciado con el padre Rafael Far\u00eda Berm\u00fadez y as\u00ed contin\u00fao construyendo las bases s\u00f3lidas sobre las cuales se edific\u00f3 nuestra amada Universidad. Tuve la oportunidad de acompa\u00f1arlo en muchos de sus proyectos, siempre pensaba en el bien de la instituci\u00f3n y de las personas que lo acompa\u00f1aban. Cuando hab\u00eda problemas el di\u00e1logo era su herramienta preferida y siempre sal\u00edamos adelante\u201d, as\u00ed se refiere el exrector y representante del HCSU, Pedro Nel Santaf\u00e9 Pe\u00f1aranda.<\/p>\n<p>La Universidad de Pamplona rinde merecido homenaje a la memoria de un ilustre fundador. Imprime en la memoria institucional, en un lugar honorable de la historia a Eduardo Villamizar Lamus y su contribuci\u00f3n en la formaci\u00f3n de hombres y mujeres, capacitados, l\u00edderes y propositivos.<\/p>\n<p><strong>Foto: PRENSA UNIPAMPLONA<\/strong><\/p>\n<p>&nbsp; <\/p>\n","protected":false},"excerpt":{"rendered":"<p>PAMPLONA &#8211; Norte de Santander.- M\u00faltiples y especiales remembranzas nutren la historia de la Universidad de Pamplona. Actas, documentos, rese\u00f1as y publicaciones narran en detalles los hechos y los personajes que iniciaron y consolidaron la instituci\u00f3n universitaria, que por 55 a\u00f1os se ha mantenido en el tiempo y ha formado generaciones de profesionales. No se &hellip;<\/p>\n","protected":false},"author":1,"featured_media":25981,"comment_status":"open","ping_status":"open","sticky":false,"template":"","format":"standard","meta":{"footnotes":""},"categories":[74,37,9],"tags":[2597,2735,719,161],"class_list":["post-25980","post","type-post","status-publish","format-standard","has-post-thumbnail","hentry","category-aula-universitaria","category-paseo-cultural","category-politica","tag-aula-universitaria","tag-eduardo-villamizar-lamus","tag-unipamplona","tag-universidad-de-pamplona"],"_links":{"self":[{"href":"https:\/\/contraluzcucuta.co\/index.php?rest_route=\/wp\/v2\/posts\/25980","targetHints":{"allow":["GET"]}}],"collection":[{"href":"https:\/\/contraluzcucuta.co\/index.php?rest_route=\/wp\/v2\/posts"}],"about":[{"href":"https:\/\/contraluzcucuta.co\/index.php?rest_route=\/wp\/v2\/types\/post"}],"author":[{"embeddable":true,"href":"https:\/\/contraluzcucuta.co\/index.php?rest_route=\/wp\/v2\/users\/1"}],"replies":[{"embeddable":true,"href":"https:\/\/contraluzcucuta.co\/index.php?rest_route=%2Fwp%2Fv2%2Fcomments&post=25980"}],"version-history":[{"count":1,"href":"https:\/\/contraluzcucuta.co\/index.php?rest_route=\/wp\/v2\/posts\/25980\/revisions"}],"predecessor-version":[{"id":25983,"href":"https:\/\/contraluzcucuta.co\/index.php?rest_route=\/wp\/v2\/posts\/25980\/revisions\/25983"}],"wp:featuredmedia":[{"embeddable":true,"href":"https:\/\/contraluzcucuta.co\/index.php?rest_route=\/wp\/v2\/media\/25981"}],"wp:attachment":[{"href":"https:\/\/contraluzcucuta.co\/index.php?rest_route=%2Fwp%2Fv2%2Fmedia&parent=25980"}],"wp:term":[{"taxonomy":"category","embeddable":true,"href":"https:\/\/contraluzcucuta.co\/index.php?rest_route=%2Fwp%2Fv2%2Fcategories&post=25980"},{"taxonomy":"post_tag","embeddable":true,"href":"https:\/\/contraluzcucuta.co\/index.php?rest_route=%2Fwp%2Fv2%2Ftags&post=25980"}],"curies":[{"name":"wp","href":"https:\/\/api.w.org\/{rel}","templated":true}]}}