{"id":25972,"date":"2016-02-14T18:54:35","date_gmt":"2016-02-14T23:54:35","guid":{"rendered":"http:\/\/contraluzcucuta.co\/?p=25972"},"modified":"2016-02-14T18:54:35","modified_gmt":"2016-02-14T23:54:35","slug":"complejo-penitenciario-presos-de-cucuta-entran-en-desobediencia-civil-pacifica","status":"publish","type":"post","link":"https:\/\/contraluzcucuta.co\/?p=25972","title":{"rendered":"COMPLEJO PENITENCIARIO. Presos de C\u00facuta entran en desobediencia civil pac\u00edfica"},"content":{"rendered":"<p><strong>C\u00daCUTA.-<\/strong> Los presos del Complejo Penitenciario Metropolitano de C\u00facuta (Cocuc) se declararon en desobediencia civil pac\u00edfica. El origen del movimiento es \u201cla grave\u00a0 crisis humanitaria de la salud, de la vida y de la dignidad humana\u201d. El anuncio lo hicieron mediante comunicado divulgado en los \u00faltimos d\u00edas en la ciudad.<\/p>\n<p>La inasistencia m\u00e9dica, de la que son v\u00edctimas m\u00e1s de 4300 privados de la libertad, es uno de los motivos por los que \u00a0tomaron esta v\u00eda de hecho y de derecho. Responsabilizan de la carencia del servicio al Estado colombiano, representado por el Inpec y la Uspec.<\/p>\n<p>Los voceros de los internos denunciaron que 717 detenidos est\u00e1n enfermos, algunos padecen hasta cinco patolog\u00edas y requieren de tratamiento urgente, otros siete est\u00e1n en estado terminal con diagn\u00f3stico de medicina legal. Se les dictamin\u00f3 que \u201csu estado de salud no es compatible \u00a0con las precarias condiciones de reclusi\u00f3n\u201d.<\/p>\n<p>Se\u00f1alaron que est\u00e1n convencidos de que las autoridades de salud prestan m\u00e1s atenci\u00f3n al maltrato animal que a la salud y al respeto a la vida de los seres humanos en las c\u00e1rceles colombianas. \u201cNo tenemos servicio m\u00e9dico ni acceso a medicamentos\u201d, se\u00f1al\u00f3 en el documento el Comit\u00e9 de derechos humanos del Cocuc.<\/p>\n<p>Las sentencias de la Corte Constitucional T-388 de 2013 y dos del Tribunal Superior de C\u00facuta, y 220 tutelas, la mayor\u00eda en tr\u00e1mite de desacato, \u201cde nada han servido y, por contrario, son objeto de burla\u201d. \u00a0Responsabilizan directamente al director del centro penitenciario, coronel German Ricaurte, y al comandante de vigilancia, capit\u00e1n Pe\u00f1a, de la muerte de los presos \u201cpor falta de atenci\u00f3n m\u00e9dica oportuna y eficaz para curar su enfermedad\u201d.<\/p>\n<p>Se\u00f1alaron de \u2018negligentes\u2019 a los organismos de control y a los jueces de la rep\u00fablica por ser \u201cc\u00f3mplices de la crisis humanitaria que vivimos los presos por causa de la inasistencia en la salud\u201d. Arengaron que \u201cno queremos un muerto m\u00e1s por negligencia m\u00e9dica\u201d.<\/p>\n<p>En los \u00faltimos 34 meses han muerto 33 internos, \u201cpor este carrusel de negligencia e irresponsabilidad del Inpec\u201d. Sin embargo, se\u00f1alaron que no ha habido un se\u00f1alamiento de responsabilidad, ni se han abierto investigaciones administrativas, a pesar de la \u201cconstante violaci\u00f3n fundamental a la salud en concordancia con el derecho a la vida\u201d.<\/p>\n<p>Pidieron a los organismos de control regional, a las ONG y a los defensores de derechos humanos que los acompa\u00f1en en esta jornada de desobediencia, en la que tambi\u00e9n cuentan con el respaldo de la Asociaci\u00f3n de Familiares y Amigos de los Presos de C\u00facuta. El objetivo del movimiento es lograr que \u201cnos brinden un servicio de salud de calidad y oportuno\u201d. De esa manera, se\u00f1alaron, \u201csalvarnos del carrusel de la muerte que ronda en esta c\u00e1rcel\u201d.<\/p>\n<p><strong>Foto: Especial para\u00a0<a href=\"http:\/\/www.contraluzcucuta.co\">www.contraluzcucuta.co<\/a><\/strong><\/p>\n<p>&nbsp;<\/p>\n<p>&nbsp;<\/p>\n<p>&nbsp;<\/p>\n<p>&nbsp; <\/p>\n","protected":false},"excerpt":{"rendered":"<p>C\u00daCUTA.- Los presos del Complejo Penitenciario Metropolitano de C\u00facuta (Cocuc) se declararon en desobediencia civil pac\u00edfica. El origen del movimiento es \u201cla grave\u00a0 crisis humanitaria de la salud, de la vida y de la dignidad humana\u201d. El anuncio lo hicieron mediante comunicado divulgado en los \u00faltimos d\u00edas en la ciudad. La inasistencia m\u00e9dica, de la &hellip;<\/p>\n","protected":false},"author":1,"featured_media":25973,"comment_status":"open","ping_status":"open","sticky":false,"template":"","format":"standard","meta":{"footnotes":""},"categories":[541,11,4],"tags":[2619,2734,2620],"class_list":["post-25972","post","type-post","status-publish","format-standard","has-post-thumbnail","hentry","category-ciudad","category-cronica-roja","category-barra","tag-carcel-de-cucuta","tag-complejo-penitenciario-metropolitano-de-cucuta","tag-inpec-cucuta"],"_links":{"self":[{"href":"https:\/\/contraluzcucuta.co\/index.php?rest_route=\/wp\/v2\/posts\/25972","targetHints":{"allow":["GET"]}}],"collection":[{"href":"https:\/\/contraluzcucuta.co\/index.php?rest_route=\/wp\/v2\/posts"}],"about":[{"href":"https:\/\/contraluzcucuta.co\/index.php?rest_route=\/wp\/v2\/types\/post"}],"author":[{"embeddable":true,"href":"https:\/\/contraluzcucuta.co\/index.php?rest_route=\/wp\/v2\/users\/1"}],"replies":[{"embeddable":true,"href":"https:\/\/contraluzcucuta.co\/index.php?rest_route=%2Fwp%2Fv2%2Fcomments&post=25972"}],"version-history":[{"count":1,"href":"https:\/\/contraluzcucuta.co\/index.php?rest_route=\/wp\/v2\/posts\/25972\/revisions"}],"predecessor-version":[{"id":25974,"href":"https:\/\/contraluzcucuta.co\/index.php?rest_route=\/wp\/v2\/posts\/25972\/revisions\/25974"}],"wp:featuredmedia":[{"embeddable":true,"href":"https:\/\/contraluzcucuta.co\/index.php?rest_route=\/wp\/v2\/media\/25973"}],"wp:attachment":[{"href":"https:\/\/contraluzcucuta.co\/index.php?rest_route=%2Fwp%2Fv2%2Fmedia&parent=25972"}],"wp:term":[{"taxonomy":"category","embeddable":true,"href":"https:\/\/contraluzcucuta.co\/index.php?rest_route=%2Fwp%2Fv2%2Fcategories&post=25972"},{"taxonomy":"post_tag","embeddable":true,"href":"https:\/\/contraluzcucuta.co\/index.php?rest_route=%2Fwp%2Fv2%2Ftags&post=25972"}],"curies":[{"name":"wp","href":"https:\/\/api.w.org\/{rel}","templated":true}]}}