{"id":25966,"date":"2016-02-14T17:28:22","date_gmt":"2016-02-14T22:28:22","guid":{"rendered":"http:\/\/contraluzcucuta.co\/?p=25966"},"modified":"2016-02-17T16:01:55","modified_gmt":"2016-02-17T21:01:55","slug":"consejos-comunales-lista-de-necesidades-en-busca-de-ayuda-oficial","status":"publish","type":"post","link":"https:\/\/contraluzcucuta.co\/?p=25966","title":{"rendered":"CONSEJOS COMUNALES. Lista de necesidades en busca de ayuda oficial"},"content":{"rendered":"<p><strong>C\u00daCUTA.-<\/strong> Habitantes de las Comunas 1, 2, 5, 9 y 10 se hicieron sentir, en el fin de semana, y expusieron el c\u00famulo de necesidades que afrontan. En los colegios Salesiano (sede Atanasio Girardot, barrio Alfonso L\u00f3pez) y \u00a0Sagrado Coraz\u00f3n de Jes\u00fas les enumeraron los problemas que los agobian las autoridades civiles locales en procura del mejoramiento de las condiciones de vida.<\/p>\n<p>Entre el largo listado presentado por los residentes de las comunas 9 y 10 destacan:<\/p>\n<p>1.- Seguridad.<\/p>\n<p>2.- Adecuaci\u00f3n de la infraestructura en las instituciones educativas y \u00a0gratuidad en el sector educativo.<\/p>\n<p>3.- Incremento del personal profesional en medicina, mejor atenci\u00f3n a los usuarios en las IPS, aumento de las campa\u00f1as de salud.<\/p>\n<p>4.- Recuperaci\u00f3n de escenarios deportivos y embellecimiento de los monumentos culturales.<\/p>\n<p>5.- Mayor atenci\u00f3n a las asociaciones de adulto mayor y madres cabezas de hogar.<\/p>\n<p>6.- Pavimentaci\u00f3n de calles y avenidas, y mejoramiento de parques y zonas verdes.<\/p>\n<p>Los j\u00f3venes solicitaron espacios de sano esparcimiento, fomento de escuelas deportivas y culturales.<\/p>\n<p>Uno de los problemas m\u00e1s sentidos en los barrios que conforman estas comunas son el aumento de robos, el consumo de sustancias psicoactivas en los parques y la falta de c\u00e1maras de seguridad. Ante estos peligros solicitaron el fortalecimiento de los cuadrantes y organizar campa\u00f1as de seguridad. La polic\u00eda respondi\u00f3 que se pondr\u00e1n en funcionamiento 42 c\u00e1maras de seguridad.<\/p>\n<p>El alcalde C\u00e9sar Rojas manifest\u00f3 que \u201cse fortalecer\u00e1n las asociaciones de adulto mayor y madres cabezas de hogar, y las familias vulnerables podr\u00e1n acceder a mejoramientos de vivienda\u201d. Se bajar\u00e1n los \u00edndices de inseguridad en las zonas de alto riesgo y habr\u00e1 visitas frecuentes a las unidades b\u00e1sicas.<\/p>\n<p>Las necesidades en las comunas 1, 2 y 5 son las siguientes:<\/p>\n<p>1.- Mal servicio en la unidades b\u00e1sicas de atenci\u00f3n, EPS e IPS.<\/p>\n<p>2.- Falta de jardines sociales para el cuidado de los ni\u00f1os mientras las madres trabajan.<\/p>\n<p>3.- Mal estado de escenarios deportivos y mayor inversi\u00f3n para las escuelas deportivas.<\/p>\n<p>4.- Fortalecimiento de los grupos culturales y fomento en ni\u00f1os y j\u00f3venes.<\/p>\n<p>5.- Apoyo a las mujeres cabeza de hogar<\/p>\n<p>6.- Construcci\u00f3n del centro geri\u00e1trico y de discapacidad en la Comuna 2.<\/p>\n<p>7.- Mejoramiento de la circulaci\u00f3n vehicular.<\/p>\n<p>8.- Mayor presencia de la Polic\u00eda ante el incremento de la inseguridad y creaci\u00f3n de alarmas comunitarias.<\/p>\n<p>Los secretarios de despacho recorrer\u00e1n las zonas para observar las necesidades.<\/p>\n<p><strong>Foto: PRENSA ALCALD\u00cdA<\/strong><\/p>\n<p>&nbsp; <\/p>\n","protected":false},"excerpt":{"rendered":"<p>C\u00daCUTA.- Habitantes de las Comunas 1, 2, 5, 9 y 10 se hicieron sentir, en el fin de semana, y expusieron el c\u00famulo de necesidades que afrontan. En los colegios Salesiano (sede Atanasio Girardot, barrio Alfonso L\u00f3pez) y \u00a0Sagrado Coraz\u00f3n de Jes\u00fas les enumeraron los problemas que los agobian las autoridades civiles locales en procura &hellip;<\/p>\n","protected":false},"author":1,"featured_media":25967,"comment_status":"open","ping_status":"open","sticky":false,"template":"","format":"standard","meta":{"footnotes":""},"categories":[2625,541,36],"tags":[2733,218,2732],"class_list":["post-25966","post","type-post","status-publish","format-standard","has-post-thumbnail","hentry","category-alcaldia-de-cucuta","category-ciudad","category-la-voz-del-pueblo","tag-alcalde-cesar-rojas","tag-comunas-de-cucuta","tag-consejos-comunales-en-cucuta"],"_links":{"self":[{"href":"https:\/\/contraluzcucuta.co\/index.php?rest_route=\/wp\/v2\/posts\/25966","targetHints":{"allow":["GET"]}}],"collection":[{"href":"https:\/\/contraluzcucuta.co\/index.php?rest_route=\/wp\/v2\/posts"}],"about":[{"href":"https:\/\/contraluzcucuta.co\/index.php?rest_route=\/wp\/v2\/types\/post"}],"author":[{"embeddable":true,"href":"https:\/\/contraluzcucuta.co\/index.php?rest_route=\/wp\/v2\/users\/1"}],"replies":[{"embeddable":true,"href":"https:\/\/contraluzcucuta.co\/index.php?rest_route=%2Fwp%2Fv2%2Fcomments&post=25966"}],"version-history":[{"count":1,"href":"https:\/\/contraluzcucuta.co\/index.php?rest_route=\/wp\/v2\/posts\/25966\/revisions"}],"predecessor-version":[{"id":25968,"href":"https:\/\/contraluzcucuta.co\/index.php?rest_route=\/wp\/v2\/posts\/25966\/revisions\/25968"}],"wp:featuredmedia":[{"embeddable":true,"href":"https:\/\/contraluzcucuta.co\/index.php?rest_route=\/wp\/v2\/media\/25967"}],"wp:attachment":[{"href":"https:\/\/contraluzcucuta.co\/index.php?rest_route=%2Fwp%2Fv2%2Fmedia&parent=25966"}],"wp:term":[{"taxonomy":"category","embeddable":true,"href":"https:\/\/contraluzcucuta.co\/index.php?rest_route=%2Fwp%2Fv2%2Fcategories&post=25966"},{"taxonomy":"post_tag","embeddable":true,"href":"https:\/\/contraluzcucuta.co\/index.php?rest_route=%2Fwp%2Fv2%2Ftags&post=25966"}],"curies":[{"name":"wp","href":"https:\/\/api.w.org\/{rel}","templated":true}]}}