{"id":25963,"date":"2016-02-14T16:48:37","date_gmt":"2016-02-14T21:48:37","guid":{"rendered":"http:\/\/contraluzcucuta.co\/?p=25963"},"modified":"2016-02-17T15:17:27","modified_gmt":"2016-02-17T20:17:27","slug":"paro-armado-recompensa-para-quien-denuncie-acciones-terroristas","status":"publish","type":"post","link":"https:\/\/contraluzcucuta.co\/?p=25963","title":{"rendered":"PARO ARMADO. Recompensa para quien denuncie acciones terroristas"},"content":{"rendered":"<p><strong>C\u00daCUTA.-<\/strong> El Eln declar\u00f3 un paro armado definido en Norte de Santander para conmemorar el 50 aniversario de la muerte del sacerdote <a href=\"https:\/\/es.wikipedia.org\/wiki\/Camilo_Torres_Restrepo\">Camilo Torres Restrepo<\/a>. El grupo guerrillero advirti\u00f3 a la poblaci\u00f3n civil que mantenga prudencia en las 72 horas comprendidas entre las 0:00 horas del 14 y las 0:00 horas del 17 de febrero.<\/p>\n<p>En respuesta a ese anuncio, el gobernador William Villamizar rechaz\u00f3 la amenaza de la guerrilla y pidi\u00f3 a los nortesantandereanos informar sobre hechos que puedan alterar el orden p\u00fablico. \u00a0\u201cNo vamos a permitir que estos insurgentes logren su objetivo de amedrentar a la comunidad, de sitiarla y perpetrar ataques\u201d, dijo el gobernante regional.<\/p>\n<p>En el Consejo Extraordinario de Seguridad, reunido en C\u00facuta, se conoci\u00f3 que el anuncio del Eln y se analizaron los escenarios que podr\u00edan ser blanco en el departamento. Las fuerzas militares han desplegado estrategias para combatir, evitar y mitigar cualquier situaci\u00f3n en la regi\u00f3n. \u201cEstamos convencidos de que nuestra poblaci\u00f3n estar\u00e1 segura y tranquila durante estos d\u00edas, as\u00ed como la infraestructura el\u00e9ctrica y petrolera\u201d, dijo Villamizar Laguado.<\/p>\n<p>En el comunicado divulgado el fin de semana, el Eln critic\u00f3 las pol\u00edticas nacionales y se\u00f1al\u00f3 que \u201cla mayor\u00eda de colombianos sigue viviendo en la angustia diaria por sobrevivir en la informalidad o con un salario m\u00ednimo a todas luces miserable\u201d.<\/p>\n<p>El movimiento guerrillero fustig\u00f3 el sistema de salud que \u201ccontin\u00faa dejando muertos en las puestas de los hospitales\u201d, la venta de Isagen y \u201cla corrupci\u00f3n que carcome las instituciones del Estado\u201d y la crisis ambiental que afecta a los m\u00e1s pobres.<\/p>\n<p>En otro aparte del documento, el comando central \u2013 estado mayor nacional se pregunta \u00bfC\u00f3mo hablar de paz si no se hacen viables los caminos que propicien los cambios y transformaciones necesarias que resuelvan las causas que dieron origen al conflicto armado y construyan vida digna para las mayor\u00edas?\u201d.<\/p>\n<p>Camilo Torres naci\u00f3 en Bogot\u00e1, el 3 de febrero de 1929 y muri\u00f3 en San Vicente de Chucur\u00ed (Santander), el 15 de febrero de 1966. Pionero de la Teolog\u00eda de la Liberaci\u00f3n, cofundador de la primera facultad de Sociolog\u00eda de Am\u00e9rica Latina en la Universidad Nacional de Colombia y miembro del Ej\u00e9rcito de Liberaci\u00f3n Nacional (Eln)<sup>(1)<\/sup>.<\/p>\n<p>En el Consejo de Seguridad participaron los comandantes de la Segunda Divisi\u00f3n del Ej\u00e9rcito, brigadier general Luis Felipe Montoya; de la Fuerza de Tarea Vulcano, brigadier general Hugo Alejandro L\u00f3pez, y de la Polic\u00eda Metropolitana de C\u00facuta, Jaime Alberto Barrera, y el secretario de Gobierno, Yebrail Haddad Linero.<\/p>\n<p>\u201cInvitamos a la comunidad para que nos acompa\u00f1e y rechace esta posici\u00f3n del Eln, que no quiere dar gestos de paz, y para que informe sobre cualquier atentado o acto que se pueda presentar; para eso el Ej\u00e9rcito ha dispuesto recompensas por la informaci\u00f3n suministrada\u201d, dijo William Villamizar.<\/p>\n<ul>\n<li><a href=\"https:\/\/es.wikipedia.org\/wiki\/Camilo_Torres_Restrepo\">https:\/\/es.wikipedia.org\/wiki\/Camilo_Torres_Restrepo<\/a><\/li>\n<\/ul>\n<p><strong>Foto: PRENSA GOBERNACI\u00d3N<\/strong><\/p>\n<p>&nbsp;<\/p>\n<p>&nbsp;<\/p>\n<p>&nbsp;<\/p>\n<p>&nbsp; <\/p>\n","protected":false},"excerpt":{"rendered":"<p>C\u00daCUTA.- El Eln declar\u00f3 un paro armado definido en Norte de Santander para conmemorar el 50 aniversario de la muerte del sacerdote Camilo Torres Restrepo. El grupo guerrillero advirti\u00f3 a la poblaci\u00f3n civil que mantenga prudencia en las 72 horas comprendidas entre las 0:00 horas del 14 y las 0:00 horas del 17 de febrero. &hellip;<\/p>\n","protected":false},"author":1,"featured_media":25964,"comment_status":"open","ping_status":"open","sticky":false,"template":"","format":"standard","meta":{"footnotes":""},"categories":[11,556,2630,32],"tags":[1370,2731,2092],"class_list":["post-25963","post","type-post","status-publish","format-standard","has-post-thumbnail","hentry","category-cronica-roja","category-departamento","category-gobernacion","category-recorrido-por-la-region","tag-gobernador-de-norte-de-santander","tag-paro-armado-en-norte-de-santander","tag-william-villamizar"],"_links":{"self":[{"href":"https:\/\/contraluzcucuta.co\/index.php?rest_route=\/wp\/v2\/posts\/25963","targetHints":{"allow":["GET"]}}],"collection":[{"href":"https:\/\/contraluzcucuta.co\/index.php?rest_route=\/wp\/v2\/posts"}],"about":[{"href":"https:\/\/contraluzcucuta.co\/index.php?rest_route=\/wp\/v2\/types\/post"}],"author":[{"embeddable":true,"href":"https:\/\/contraluzcucuta.co\/index.php?rest_route=\/wp\/v2\/users\/1"}],"replies":[{"embeddable":true,"href":"https:\/\/contraluzcucuta.co\/index.php?rest_route=%2Fwp%2Fv2%2Fcomments&post=25963"}],"version-history":[{"count":1,"href":"https:\/\/contraluzcucuta.co\/index.php?rest_route=\/wp\/v2\/posts\/25963\/revisions"}],"predecessor-version":[{"id":25965,"href":"https:\/\/contraluzcucuta.co\/index.php?rest_route=\/wp\/v2\/posts\/25963\/revisions\/25965"}],"wp:featuredmedia":[{"embeddable":true,"href":"https:\/\/contraluzcucuta.co\/index.php?rest_route=\/wp\/v2\/media\/25964"}],"wp:attachment":[{"href":"https:\/\/contraluzcucuta.co\/index.php?rest_route=%2Fwp%2Fv2%2Fmedia&parent=25963"}],"wp:term":[{"taxonomy":"category","embeddable":true,"href":"https:\/\/contraluzcucuta.co\/index.php?rest_route=%2Fwp%2Fv2%2Fcategories&post=25963"},{"taxonomy":"post_tag","embeddable":true,"href":"https:\/\/contraluzcucuta.co\/index.php?rest_route=%2Fwp%2Fv2%2Ftags&post=25963"}],"curies":[{"name":"wp","href":"https:\/\/api.w.org\/{rel}","templated":true}]}}