{"id":25954,"date":"2016-02-12T15:34:05","date_gmt":"2016-02-12T20:34:05","guid":{"rendered":"http:\/\/contraluzcucuta.co\/?p=25954"},"modified":"2016-02-14T18:59:54","modified_gmt":"2016-02-14T23:59:54","slug":"atentado-en-el-parque-alerta-en-la-zona-fronteriza-por-amenazas-del-eln","status":"publish","type":"post","link":"https:\/\/contraluzcucuta.co\/?p=25954","title":{"rendered":"ATENTADO EN EL PARQUE. Alerta en la zona fronteriza por amenazas del Eln"},"content":{"rendered":"<p><strong>C\u00daCUTA.-<\/strong> El atentado terrorista de comienzos de semana puso en alerta a la polic\u00eda en la zona fronteriza. \u00a0Los agentes despliegan acciones de control para garantizar la seguridad y la convivencia ciudadanas. El objetivo es evitar situaciones de riesgo como la que afect\u00f3 a ocho uniformados, de los cuales tres permanecen en observaci\u00f3n m\u00e9dica.<\/p>\n<p>Grupos interdisciplinarios desarrollan planes de control en las calles de la ciudad y sitios priorizados para detectar oportunamente cualquier indicador de riesgo que afecte a la comunidad.<\/p>\n<p>La polic\u00eda socializa el ofrecimiento de $ 100 millones de recompensa para quien suministre informaci\u00f3n eficaz que permita capturar a los cabecillas del Eln, grupo responsable del ataque en el parque Lineal.<\/p>\n<p>Los cucute\u00f1os deben contribuir con las autoridades judiciales para evitar que otro hecho violento ocurra en C\u00facuta. Tambi\u00e9n, para combatir a la organizaci\u00f3n subversiva como se ha hecho con las estructuras del crimen organizado y las bandas delincuenciales.<\/p>\n<p>La polic\u00eda ha implementado otras medidas administrativas y de control, concertadas durante el Consejo de Seguridad, que cont\u00f3 con la participaci\u00f3n de la Alcald\u00eda, el Ej\u00e9rcito, la Fiscal\u00eda Seccional y la Mecuc.<\/p>\n<p><strong>No al maltrato animal <\/strong><\/p>\n<p>La Polic\u00eda Metropolitana de C\u00facuta se tom\u00f3 las calles de la capital de Norte de Santander para invitar a la comunidad a proteger a los animales y denunciar cualquier hecho que los ponga en riesgo.<\/p>\n<p>Mensajes preventivos, dulces, carteleras y charlas informativas hacen parte del plan de la Polic\u00eda de Carabineros y Gu\u00edas Caninos para socializar con transe\u00fantes, estudiantes y habitantes la importancia de fomentar en los entornos familiares, escolares y sociales acciones de protecci\u00f3n y conservaci\u00f3n de las especies animales.<\/p>\n<p>El mensaje es claro e invita a:<\/p>\n<p>1.- Tomar iniciativas colectivas e individuales que conlleven a fortalecer la cultura ciudadana para el cuidado de los animales<\/p>\n<p>2.- Evitar el maltrato derivado de agresiones<\/p>\n<p>3.- Tener m\u00e1s \u00a0cuidado en la higiene, alimentaci\u00f3n y atenci\u00f3n veterinaria.<\/p>\n<p>En las actividades de socializaci\u00f3n e interacci\u00f3n con la comunidad, se record\u00f3 la Ley 1774 del 6 de enero del 2016. La norma contiene las siguientes regulaciones:<\/p>\n<p>1.- Reglamenta los delitos contra la vida, la integridad f\u00edsica y emocional de los animales<\/p>\n<p>2.- Establece penas privativas de la libertad, las inhabilidades para el ejercicio de profesi\u00f3n, oficio, comercio o tenencia que tenga relaci\u00f3n con los animales<\/p>\n<p>Impone multas econ\u00f3micas para quienes los maltraten, causen la muerte o lesionen.<\/p>\n<p><strong>Foto: PRENSA MECUC <\/strong><\/p>\n<p>&nbsp; <\/p>\n","protected":false},"excerpt":{"rendered":"<p>C\u00daCUTA.- El atentado terrorista de comienzos de semana puso en alerta a la polic\u00eda en la zona fronteriza. \u00a0Los agentes despliegan acciones de control para garantizar la seguridad y la convivencia ciudadanas. El objetivo es evitar situaciones de riesgo como la que afect\u00f3 a ocho uniformados, de los cuales tres permanecen en observaci\u00f3n m\u00e9dica. Grupos &hellip;<\/p>\n","protected":false},"author":1,"featured_media":25955,"comment_status":"open","ping_status":"open","sticky":false,"template":"","format":"standard","meta":{"footnotes":""},"categories":[11,6],"tags":[2338,323,2730,163],"class_list":["post-25954","post","type-post","status-publish","format-standard","has-post-thumbnail","hentry","category-cronica-roja","category-ojo-avizor","tag-atentado-terrorista","tag-mecuc","tag-paque-lineal","tag-policia-metropolitana"],"_links":{"self":[{"href":"https:\/\/contraluzcucuta.co\/index.php?rest_route=\/wp\/v2\/posts\/25954","targetHints":{"allow":["GET"]}}],"collection":[{"href":"https:\/\/contraluzcucuta.co\/index.php?rest_route=\/wp\/v2\/posts"}],"about":[{"href":"https:\/\/contraluzcucuta.co\/index.php?rest_route=\/wp\/v2\/types\/post"}],"author":[{"embeddable":true,"href":"https:\/\/contraluzcucuta.co\/index.php?rest_route=\/wp\/v2\/users\/1"}],"replies":[{"embeddable":true,"href":"https:\/\/contraluzcucuta.co\/index.php?rest_route=%2Fwp%2Fv2%2Fcomments&post=25954"}],"version-history":[{"count":1,"href":"https:\/\/contraluzcucuta.co\/index.php?rest_route=\/wp\/v2\/posts\/25954\/revisions"}],"predecessor-version":[{"id":25956,"href":"https:\/\/contraluzcucuta.co\/index.php?rest_route=\/wp\/v2\/posts\/25954\/revisions\/25956"}],"wp:featuredmedia":[{"embeddable":true,"href":"https:\/\/contraluzcucuta.co\/index.php?rest_route=\/wp\/v2\/media\/25955"}],"wp:attachment":[{"href":"https:\/\/contraluzcucuta.co\/index.php?rest_route=%2Fwp%2Fv2%2Fmedia&parent=25954"}],"wp:term":[{"taxonomy":"category","embeddable":true,"href":"https:\/\/contraluzcucuta.co\/index.php?rest_route=%2Fwp%2Fv2%2Fcategories&post=25954"},{"taxonomy":"post_tag","embeddable":true,"href":"https:\/\/contraluzcucuta.co\/index.php?rest_route=%2Fwp%2Fv2%2Ftags&post=25954"}],"curies":[{"name":"wp","href":"https:\/\/api.w.org\/{rel}","templated":true}]}}