{"id":25945,"date":"2016-02-12T14:15:48","date_gmt":"2016-02-12T19:15:48","guid":{"rendered":"http:\/\/contraluzcucuta.co\/?p=25945"},"modified":"2016-02-14T17:34:40","modified_gmt":"2016-02-14T22:34:40","slug":"mama-pacha-los-cucutenos-no-tienen-la-cultura-de-comprar-artesanias","status":"publish","type":"post","link":"https:\/\/contraluzcucuta.co\/?p=25945","title":{"rendered":"\u2018MAM\u00c1 PACHA\u2019. Los cucute\u00f1os no tienen la cultura de comprar artesan\u00edas"},"content":{"rendered":"<p><strong>C\u00daCUTA.-<\/strong> Francisca Fern\u00e1ndez un d\u00eda dej\u00f3 la enfermer\u00eda para convertirse en artesana. Cambi\u00f3 a los pacientes, por los colegas de oficio; los centros de salud, por los parques para organizar ferias; los medicamentos, por la guadua y el bamb\u00fa; las trasnochadas en las cl\u00ednicas, por las madrugadas para ofrecer talleres.<\/p>\n<p>Esta mujer, acostumbrada a vestir de blanco, porque as\u00ed lo exigen las normas de la salud, ahora va de gorro y bufanda tejidos en lana, blusa normal y bluy\u00edn. No tiene protocolo y habla con propiedad del gremio al que pertenece hace 15 a\u00f1os y por el que lucha a diario, porque es su nueva familia.<\/p>\n<p>En casa siempre vio a los padres elaborar canastos y tom\u00f3 el arte por herencia. A los puestos de salud llevaba mercanc\u00edas hechas a mano para venderlas entre los compa\u00f1eros de trabajo. Ese gusto por los productos aut\u00f3ctonos la hizo cambiar de pensamiento y de ocupaci\u00f3n. De la enfermera, quiz\u00e1s, queda poco, pero de \u2018La Mam\u00e1 Pacha\u2019 hay mucho por delante.<\/p>\n<p>\u201cLa situaci\u00f3n de los artesanos siempre ha sido dif\u00edcil, porque no tenemos un espacio digno d\u00f3nde exponer nuestras obras\u201d. Es el primer reclamo que hace y lo tiene claro. Tampoco tienen las herramientas para elaborar los productos que venden. La ilusi\u00f3n es que la Alcald\u00eda, en este cuatrienio, les asigne ese sitio.<\/p>\n<p>En C\u00facuta hay 110 artesanos censados, aunque los activos y los que comparten las ferias y la mesa de trabajo son 60. Francisca es la presidenta de la mesa en la capital de Norte de Santander. La eligieron por el cari\u00f1o que les tiene a los colegas y por los que ha luchado, busc\u00e1ndoles espacios para trabajar. Cuando es necesario los rega\u00f1a y los pone es su sitio.<\/p>\n<p>A diario, llegan a la plazoleta de Telecom o a la calle 10, toman posesi\u00f3n del espacio p\u00fablico, tienden la manta y esperan que el d\u00eda trascurra mientras\u00a0 aparecen los clientes. Este a\u00f1o puede ser el de la redenci\u00f3n con el acondicionamiento del lugar donde cucute\u00f1os y turistas los busquen. En el diario vivir salen a la calle a ofrecer productos en bamb\u00fa y guadua, pedrer\u00eda, joyer\u00eda y mucho m\u00e1s.<\/p>\n<p>\u201cCon el oficio nos va bien, a pesar de que la gente no tiene esa cultura de comprar artesan\u00edas\u201d. La queja de \u2018Mam\u00e1 Pacha\u2019 tiene valor social, aunque no est\u00e1 cargada de resentimiento. En la ciudad, hombres y mujeres, j\u00f3venes y adultos \u201crefieren ir a los \u2018quinientazos\u2019 y comprar mercanc\u00eda china para regalar, en vez de apoyar a los artesanos\u201d. Por eso se atrevi\u00f3 a invitarlos a\u00a0 para que compren artesan\u00edas cuando vayan a dar presentes. \u201cAs\u00ed nos ayudan y apoyan lo nuestro\u201d.<\/p>\n<p>La falta de un espacio en el que est\u00e9n fijos y donde la gente pueda buscarlos es una de las causas para que no los tengan en cuenta a la hora de pensar en regalos. Una opci\u00f3n para echarle cabeza es el complejo ferial pensado en la Plaza de Ferias (barrio Sevilla). Solo que para aceptar la ubicaci\u00f3n debe cumplirse una exigencia. \u201cSi hay actividades diarias podr\u00edamos estar ah\u00ed\u201d.<\/p>\n<p>Francisca, de baja estatura y apariencia boyacense, hace l\u00e1mparas en guadua, trabaja el fique y elabora bisuter\u00edas. Eso le alcanza para sostener a la familia, al igual que a los dem\u00e1s artesanos. Vive en Cormoranes y la jornada normal comienza a las 6:00 de la ma\u00f1ana. \u201cHago el tintico, vengo en buseta hacia el puesto y al llegar le pido a Dios que en ese d\u00eda tenga buenas ventas\u201d.<\/p>\n<p>Cuando no hay feria se queda en casa y hace talleres. Una enfermedad no le permite estar expuesta al clima. El descanso al a\u00f1o es poco, porque siempre les dan los espacios en los parques. En el Col\u00f3n estar\u00e1n hasta el 30 de marzo. Tienen previsto pedir permiso para irse a El Malec\u00f3n o al Mercedes. As\u00ed se la pasan los 12 meses. \u201cEste es nuestro diario vivir. No tenemos otro trabajo, ni otro empleo. Vivimos de lo que hacemos y vendemos\u201d.<\/p>\n<p><strong>RAFAEL ANTONIO PAB\u00d3N<\/strong><\/p>\n<p><a href=\"mailto:rafaelpabon58@hotmail.com\"><strong>rafaelpabon58@hotmail.com<\/strong><\/a><\/p>\n<p><strong>Foto: <\/strong><a href=\"http:\/\/www.contraluzcucuta.co\"><strong>www.contraluzcucuta.co<\/strong><\/a><\/p>\n<p>&nbsp; <\/p>\n","protected":false},"excerpt":{"rendered":"<p>C\u00daCUTA.- Francisca Fern\u00e1ndez un d\u00eda dej\u00f3 la enfermer\u00eda para convertirse en artesana. Cambi\u00f3 a los pacientes, por los colegas de oficio; los centros de salud, por los parques para organizar ferias; los medicamentos, por la guadua y el bamb\u00fa; las trasnochadas en las cl\u00ednicas, por las madrugadas para ofrecer talleres. Esta mujer, acostumbrada a vestir &hellip;<\/p>\n","protected":false},"author":1,"featured_media":25946,"comment_status":"open","ping_status":"open","sticky":false,"template":"","format":"standard","meta":{"footnotes":""},"categories":[541,10,36],"tags":[2727,2726,1414],"class_list":["post-25945","post","type-post","status-publish","format-standard","has-post-thumbnail","hentry","category-ciudad","category-cronicas","category-la-voz-del-pueblo","tag-artesanias-cucutenas","tag-artesanos-de-cucuta","tag-feria-artesanal"],"_links":{"self":[{"href":"https:\/\/contraluzcucuta.co\/index.php?rest_route=\/wp\/v2\/posts\/25945","targetHints":{"allow":["GET"]}}],"collection":[{"href":"https:\/\/contraluzcucuta.co\/index.php?rest_route=\/wp\/v2\/posts"}],"about":[{"href":"https:\/\/contraluzcucuta.co\/index.php?rest_route=\/wp\/v2\/types\/post"}],"author":[{"embeddable":true,"href":"https:\/\/contraluzcucuta.co\/index.php?rest_route=\/wp\/v2\/users\/1"}],"replies":[{"embeddable":true,"href":"https:\/\/contraluzcucuta.co\/index.php?rest_route=%2Fwp%2Fv2%2Fcomments&post=25945"}],"version-history":[{"count":1,"href":"https:\/\/contraluzcucuta.co\/index.php?rest_route=\/wp\/v2\/posts\/25945\/revisions"}],"predecessor-version":[{"id":25947,"href":"https:\/\/contraluzcucuta.co\/index.php?rest_route=\/wp\/v2\/posts\/25945\/revisions\/25947"}],"wp:featuredmedia":[{"embeddable":true,"href":"https:\/\/contraluzcucuta.co\/index.php?rest_route=\/wp\/v2\/media\/25946"}],"wp:attachment":[{"href":"https:\/\/contraluzcucuta.co\/index.php?rest_route=%2Fwp%2Fv2%2Fmedia&parent=25945"}],"wp:term":[{"taxonomy":"category","embeddable":true,"href":"https:\/\/contraluzcucuta.co\/index.php?rest_route=%2Fwp%2Fv2%2Fcategories&post=25945"},{"taxonomy":"post_tag","embeddable":true,"href":"https:\/\/contraluzcucuta.co\/index.php?rest_route=%2Fwp%2Fv2%2Ftags&post=25945"}],"curies":[{"name":"wp","href":"https:\/\/api.w.org\/{rel}","templated":true}]}}