{"id":25936,"date":"2016-02-10T20:31:28","date_gmt":"2016-02-11T01:31:28","guid":{"rendered":"http:\/\/contraluzcucuta.co\/?p=25936"},"modified":"2016-02-12T16:37:28","modified_gmt":"2016-02-12T21:37:28","slug":"atentado-en-el-parque-se-equivoca-el-eln-si-cree-que-con-esto-nos-va-a-amedrentar","status":"publish","type":"post","link":"https:\/\/contraluzcucuta.co\/?p=25936","title":{"rendered":"ATENTADO EN EL PARQUE. \u201cSe equivoca el Eln si cree que con esto nos va a amedrentar\u201d"},"content":{"rendered":"<p><strong>C\u00daCUTA.-<\/strong> El Ej\u00e9rcito, la Polic\u00eda, la Fiscal\u00eda y el CTI conformar\u00e1n el comando unificado para controlar el orden p\u00fablico en C\u00facuta. La decisi\u00f3n se tom\u00f3 en el consejo extraordinario de seguridad, reunido ayer luego del atentado en el parque Lineal y que dej\u00f3 ocho agentes heridos.<\/p>\n<p>En la ma\u00f1ana el general Rodolfo palomino, comandante de la Polic\u00eda, visit\u00f3 la ciudad y dialog\u00f3 con los uniformados lesionados por la explosi\u00f3n del petardo. El oficial calific\u00f3 el hecho de \u201ccobarde acci\u00f3n\u201d, por no tener en cuenta los autores que por el lugar transitan civiles.<\/p>\n<p>Desde el primer momento se responsabiliz\u00f3 al frente urbano del Eln, dirigido por alias \u2018Juli\u00e1n\u2019, \u2018El Rolo\u2019 o \u2018Juan Pablo\u2019, quien podr\u00eda estar cerca de C\u00facuta junto con alias \u2018Robinson\u2019 o \u2018Mario\u2019. La Polic\u00eda ofrece hasta $ 100 millones de recompensa a quien entregue informaci\u00f3n que permita la captura del cabecilla.<\/p>\n<p>En el consejo de seguridad se decidi\u00f3 restringir la circulaci\u00f3n de carros con trasteos, volquetas con escombros y camiones con cilindros de gas, entre las 7:00 de la noche y las 5:00 de la ma\u00f1ana. Esta semana, la Alcald\u00eda de C\u00facuta promulgar\u00e1 el decreto. Otra medida es la prohibici\u00f3n para la circulaci\u00f3n de motociclistas con parrilleros masculinos y las manifestaciones en sitios p\u00fablicos.<\/p>\n<p>El general Palomino visit\u00f3 a los ocho agentes heridos en el atentado y cada uno les entreg\u00f3 el mensaje del presidente Juan Manuel Santos y la voz de aliento de los colombianos. Los polic\u00edas participaban en una actividad propia de la instituci\u00f3n cuando explosion\u00f3 el artefacto. Tres uniformados seguir\u00e1n en observaci\u00f3n m\u00e9dica en el hospital.<\/p>\n<p>\u201cLo que vimos en el parque es cobard\u00eda llevada a su m\u00e1xima expresi\u00f3n\u201d, dijo el comandante de la Polic\u00eda. \u201cSe equivoca el Eln si cree que con esto nos va a amedrentar\u201d. En Oca\u00f1a, a principios de semana fue capturado alias \u2018Tint\u00edn\u2019, encargado de los explosivos en la organizaci\u00f3n guerrillera.<\/p>\n<p>\u201cEsta es una forma del plan pistola para atentar contra quienes protegen a los ciudadanos. Con estos actos no solo atentan contra las instituciones, sino contra la humanidad. Nada m\u00e1s cobarde y salvaje\u201d, afirm\u00f3 el general Palomino.<\/p>\n<p>El alcalde C\u00e9sar Rojas reconoci\u00f3 que estaban prevenidos por posibles del Eln para conmemorar otro aniversario de la muerte de algunos de los m\u00e1ximos dirigentes de esa guerrilla. \u201cNos sorprendieron con este artefacto explosivo que estaba camuflado en una maleta\u201d.<\/p>\n<p>Al t\u00e9rmino del consejo de seguridad el general Jaime Vega, comandante de la Regi\u00f3n 5 de la Polic\u00eda, se\u00f1al\u00f3 que tendr\u00e1n apoyo de equipos t\u00e9cnicos enviados desde Bogot\u00e1 para esclarecer los hechos y dar con los responsables. \u201cEl trabajo de labores preventivas y de inteligencia se mantendr\u00e1n en las comunas. Este caso es triste y lamentable, porque los terroristas no tienen pendiente que en un parque \u00a0transitan ni\u00f1os y ancianos\u201d.<\/p>\n<p>El general Luis Felipe Montoya, comandante de la Segunda Divisi\u00f3n del Ej\u00e9rcito, dijo que estos casos muestran c\u00f3mo el Eln \u201ctiene la habilidad de hacer terror\u201d. Reafirm\u00f3 el compromiso institucional de continuar con las operaciones conjuntas para poner a buen recaudo a los responsables. \u201cPudieron haber causado horror entre la poblaci\u00f3n civil\u201d.<\/p>\n<p><strong>Foto: pasionsports.com<\/strong><\/p>\n<p>&nbsp;<\/p>\n<p>&nbsp; <\/p>\n","protected":false},"excerpt":{"rendered":"<p>C\u00daCUTA.- El Ej\u00e9rcito, la Polic\u00eda, la Fiscal\u00eda y el CTI conformar\u00e1n el comando unificado para controlar el orden p\u00fablico en C\u00facuta. La decisi\u00f3n se tom\u00f3 en el consejo extraordinario de seguridad, reunido ayer luego del atentado en el parque Lineal y que dej\u00f3 ocho agentes heridos. En la ma\u00f1ana el general Rodolfo palomino, comandante de &hellip;<\/p>\n","protected":false},"author":1,"featured_media":25937,"comment_status":"open","ping_status":"open","sticky":false,"template":"","format":"standard","meta":{"footnotes":""},"categories":[11,32],"tags":[304,1113,2385],"class_list":["post-25936","post","type-post","status-publish","format-standard","has-post-thumbnail","hentry","category-cronica-roja","category-recorrido-por-la-region","tag-alcalde-de-cucuta","tag-general-rodolfo-palomino","tag-parque-lineal-de-cucuta"],"_links":{"self":[{"href":"https:\/\/contraluzcucuta.co\/index.php?rest_route=\/wp\/v2\/posts\/25936","targetHints":{"allow":["GET"]}}],"collection":[{"href":"https:\/\/contraluzcucuta.co\/index.php?rest_route=\/wp\/v2\/posts"}],"about":[{"href":"https:\/\/contraluzcucuta.co\/index.php?rest_route=\/wp\/v2\/types\/post"}],"author":[{"embeddable":true,"href":"https:\/\/contraluzcucuta.co\/index.php?rest_route=\/wp\/v2\/users\/1"}],"replies":[{"embeddable":true,"href":"https:\/\/contraluzcucuta.co\/index.php?rest_route=%2Fwp%2Fv2%2Fcomments&post=25936"}],"version-history":[{"count":1,"href":"https:\/\/contraluzcucuta.co\/index.php?rest_route=\/wp\/v2\/posts\/25936\/revisions"}],"predecessor-version":[{"id":25938,"href":"https:\/\/contraluzcucuta.co\/index.php?rest_route=\/wp\/v2\/posts\/25936\/revisions\/25938"}],"wp:featuredmedia":[{"embeddable":true,"href":"https:\/\/contraluzcucuta.co\/index.php?rest_route=\/wp\/v2\/media\/25937"}],"wp:attachment":[{"href":"https:\/\/contraluzcucuta.co\/index.php?rest_route=%2Fwp%2Fv2%2Fmedia&parent=25936"}],"wp:term":[{"taxonomy":"category","embeddable":true,"href":"https:\/\/contraluzcucuta.co\/index.php?rest_route=%2Fwp%2Fv2%2Fcategories&post=25936"},{"taxonomy":"post_tag","embeddable":true,"href":"https:\/\/contraluzcucuta.co\/index.php?rest_route=%2Fwp%2Fv2%2Ftags&post=25936"}],"curies":[{"name":"wp","href":"https:\/\/api.w.org\/{rel}","templated":true}]}}