{"id":25933,"date":"2016-02-10T18:51:48","date_gmt":"2016-02-10T23:51:48","guid":{"rendered":"http:\/\/contraluzcucuta.co\/?p=25933"},"modified":"2016-02-12T15:40:10","modified_gmt":"2016-02-12T20:40:10","slug":"pimpineros-en-el-parque-aqui-estamos-y-aqui-seguiremos-en-pie-de-lucha","status":"publish","type":"post","link":"https:\/\/contraluzcucuta.co\/?p=25933","title":{"rendered":"PIMPINEROS EN EL PARQUE. \u201cAqu\u00ed estamos y aqu\u00ed seguiremos en pie de lucha\u201d"},"content":{"rendered":"<p><strong>C\u00daCUTA.-<\/strong> Benigno Daza es uno de los 15 pimpineros que entraron en huelga de hambre y que permanecen en huelga de hambre en el parque Santander. Es de la tercera edad, tiene problemas de diabetes y sufre de la tensi\u00f3n. La falta de ingerir alimentos y bebidas lo debilit\u00f3 y deshidrat\u00f3. Ahora, permanece internado en el hospital con serios problemas de salud.<\/p>\n<p>Esta es la primera consecuencia de la protesta pac\u00edfica que llevan a cabo medio millar de vendedores ambulantes de combustibles en la frontera. A pesar de haber pasado una propuesta a los gobiernos nacional, departamental y municipal debieron tomar acciones de hecho para hacerse o\u00edr. Aunque la medida tomada tampoco ha dado los resultados previstos.<\/p>\n<p>\u201cHemos avanzado de manera pac\u00edfica. Algunos compa\u00f1eros presentan problemas de salud, est\u00e1n deshidratados\u201d, dijo \u00a0Yuleima Garc\u00eda, tesorera de Sintragasolina, uno de los dos sindicatos que re\u00fanen a los 2800 comerciantes informales de gasolina y ACPM ingresados de Venezuela, de manera ilegal.<\/p>\n<p>En la noche del martes cuatro huelguistas fueron trasladados al hospital. \u201cTres regresaron, uno qued\u00f3 internado, no ha sido posible que le den de alta\u201d, dijo la vocera gremial. La intenci\u00f3n de los pimpineros es permanecer en la plaza central cucute\u00f1a hasta cuando encuentren soluci\u00f3n al problema que los llev\u00f3 a manifestarse. \u201cHay quienes manifiestan que la lucha debe darse hasta el final, y que si es necesario entregar la vida por obtener un beneficio pues lo van a hacer\u201d.<\/p>\n<p>Reclaman del gobierno del presidente Juan Manuel Santos que no desconozca que han estado en las calles por m\u00e1s de cuatro d\u00e9cadas. \u201cHay gente que ha vivido toda la vida del comercio informal de gasolina. Hoy no pueden pretender venir a desalojar las calles\u201d.<\/p>\n<p>El cierre de la frontera ha agudizado la situaci\u00f3n de estas familias, y la queja es que en vez de buscar salidas efectivas, \u201clo que ha hecho (la Alcald\u00eda) es perseguirnos, maltratarnos y quitarnos lo poquito con lo que llevamos el sustento para la casa\u201d. Esas acciones represivas los obligaron a llegar hasta el parque y est\u00e1n convencidos de que ah\u00ed se van a quedar.<\/p>\n<p>\u201cLe hemos pedido al gobierno municipal que cese las persecuciones, porque cada gal\u00f3n de gasolina que nos quitan es el plato de comida de nuestros hijos\u201d, dijo Yuleima Garc\u00eda. Asegur\u00f3 que si est\u00e1n en calle es porque no tienen otra opci\u00f3n laboral, porque no les han brindado oportunidades de trabajo para cambiar de actividad y tomar un oficio que les garantice el sustento para la familia.<\/p>\n<p>Hasta ayer en la tarde no se conoc\u00eda una posici\u00f3n de la Alcald\u00eda, la Gobernaci\u00f3n o la Presidencia para levantar el movimiento de protesta. \u201cQueremos que la huelga de hambre llegue a o\u00eddos del presidente Santos y tome las medidas necesarias para resolver nuestros problemas\u201d, dijo Yuleima Garc\u00eda.<\/p>\n<p>Luego de la decisi\u00f3n del presidente Nicol\u00e1s Maduro de poner barricadas en los puentes internacionales el combustible llega a C\u00facuta por las trochas, pero costoso, es m\u00e1s dif\u00edcil conseguirlo por las peripecias debe afrontar para pasar y llega en menos cantidades. A estos inconvenientes se suma el precio oficial en las estaciones de servicio, que tambi\u00e9n los afecta. \u201cAun as\u00ed, nos mantenemos. Hemos tratado de sobrevivir\u201d.<\/p>\n<p>Este mi\u00e9rcoles, el Gobierno firm\u00f3 un convenio con Impulsa, por intermedio del Ministerio de Minas, y destinar\u00e1n $ 1300 millones para programas de reconversi\u00f3n sociolaboral. La vocera sindical estima que las partidas son pocas y que los beneficiarios de los programa ser\u00edan pocos. \u201cNecesitamos que inyecten m\u00e1s recursos, si de verdad nos quiere sacar de las calles; si no, que nos permitan trabajar\u201d.<\/p>\n<p>La propuesta presentada por los pimpineros, est\u00e1n seguros, la conocen el presidente Santos, el gobernador Villamizar, el alcalde Rojas y los ministerios y las entidades oficiales comprometidas con el asunto del combustible. Entre otros puntos, destacan:<\/p>\n<p>1.- Un programa de reconversi\u00f3n integral, digno y sostenible en el tiempo.<\/p>\n<p>2.- Subsidios de vivienda para 300 familias vulnerables, aquellas\u00a0 que de verdad necesitan los planes.<\/p>\n<p>3.- Becas en el Sena y en las universidades p\u00fablicas para garantizarles a los hijos el derecho al estudio, para que no hereden el comercio informal, sino que sean profesionales y \u00fatiles a la sociedad.<\/p>\n<p>\u201cEl Gobierno no puede hacer un programa de reconversi\u00f3n con $ 4,5 millones, \u00bfde ah\u00ed en delante de qu\u00e9 vamos a subsistir? No podemos garantizar que vamos a subsistir, porque no se van a suplir las necesidades que tenemos y no se va a beneficiar a toda la poblaci\u00f3n\u201d.<\/p>\n<p>La exigencia contempla un programa de reconversi\u00f3n con m\u00ednimo $ 25 millones para desarrollar cada idea de negocio y para que cada pimpinero pueda poner su negocio y que sea rentable.<\/p>\n<p><strong>RAFAEL ANTONIO PAB\u00d3N<\/strong><\/p>\n<p><strong><a href=\"mailto:rafaelpabon58@hotmail.com\">rafaelpabon58@hotmail.com<\/a><\/strong><\/p>\n<p><strong>Foto: <a href=\"http:\/\/www.contraluzcucuta.co\">www.contraluzcucuta.co<\/a><\/strong><\/p>\n<p>&nbsp; <\/p>\n","protected":false},"excerpt":{"rendered":"<p>C\u00daCUTA.- Benigno Daza es uno de los 15 pimpineros que entraron en huelga de hambre y que permanecen en huelga de hambre en el parque Santander. Es de la tercera edad, tiene problemas de diabetes y sufre de la tensi\u00f3n. La falta de ingerir alimentos y bebidas lo debilit\u00f3 y deshidrat\u00f3. Ahora, permanece internado en &hellip;<\/p>\n","protected":false},"author":1,"featured_media":25934,"comment_status":"open","ping_status":"open","sticky":false,"template":"","format":"standard","meta":{"footnotes":""},"categories":[2625,541,10,6],"tags":[2483,2344,145],"class_list":["post-25933","post","type-post","status-publish","format-standard","has-post-thumbnail","hentry","category-alcaldia-de-cucuta","category-ciudad","category-cronicas","category-ojo-avizor","tag-crisis-en-la-frontera","tag-parque-santander-de-cucuta","tag-pimpineros"],"_links":{"self":[{"href":"https:\/\/contraluzcucuta.co\/index.php?rest_route=\/wp\/v2\/posts\/25933","targetHints":{"allow":["GET"]}}],"collection":[{"href":"https:\/\/contraluzcucuta.co\/index.php?rest_route=\/wp\/v2\/posts"}],"about":[{"href":"https:\/\/contraluzcucuta.co\/index.php?rest_route=\/wp\/v2\/types\/post"}],"author":[{"embeddable":true,"href":"https:\/\/contraluzcucuta.co\/index.php?rest_route=\/wp\/v2\/users\/1"}],"replies":[{"embeddable":true,"href":"https:\/\/contraluzcucuta.co\/index.php?rest_route=%2Fwp%2Fv2%2Fcomments&post=25933"}],"version-history":[{"count":1,"href":"https:\/\/contraluzcucuta.co\/index.php?rest_route=\/wp\/v2\/posts\/25933\/revisions"}],"predecessor-version":[{"id":25935,"href":"https:\/\/contraluzcucuta.co\/index.php?rest_route=\/wp\/v2\/posts\/25933\/revisions\/25935"}],"wp:featuredmedia":[{"embeddable":true,"href":"https:\/\/contraluzcucuta.co\/index.php?rest_route=\/wp\/v2\/media\/25934"}],"wp:attachment":[{"href":"https:\/\/contraluzcucuta.co\/index.php?rest_route=%2Fwp%2Fv2%2Fmedia&parent=25933"}],"wp:term":[{"taxonomy":"category","embeddable":true,"href":"https:\/\/contraluzcucuta.co\/index.php?rest_route=%2Fwp%2Fv2%2Fcategories&post=25933"},{"taxonomy":"post_tag","embeddable":true,"href":"https:\/\/contraluzcucuta.co\/index.php?rest_route=%2Fwp%2Fv2%2Ftags&post=25933"}],"curies":[{"name":"wp","href":"https:\/\/api.w.org\/{rel}","templated":true}]}}