{"id":25926,"date":"2016-02-10T15:51:15","date_gmt":"2016-02-10T20:51:15","guid":{"rendered":"http:\/\/contraluzcucuta.co\/?p=25926"},"modified":"2016-02-12T14:27:55","modified_gmt":"2016-02-12T19:27:55","slug":"intercambiador-de-atalaya-procuraduria-pide-suspension-inmediata-de-la-obra","status":"publish","type":"post","link":"https:\/\/contraluzcucuta.co\/?p=25926","title":{"rendered":"INTERCAMBIADOR DE ATALAYA. Procuradur\u00eda pide suspensi\u00f3n inmediata de la obra"},"content":{"rendered":"<p><strong>C\u00daCUTA.-<\/strong> La construcci\u00f3n del <a href=\"https:\/\/contraluzcucuta.co\/articulos\/intercambiador-vial-inicio-de-la-obra-en-atalaya-esta-proximo\/\">intercambiador<\/a> que une la autopista Juan Atalaya con la Avenida Las Am\u00e9ricas, a la altura de la glorieta de Los Vientos, deber\u00e1 ser suspendida de manera inmediata. La obra tiene un costo de $ 37.000 millones y el avance de los trabajos llega al 60 por ciento. La solicitud la present\u00f3 la Procuradur\u00eda Regional al gobernador William Villamizar.<\/p>\n<p>El puente disminuir\u00e1 los problemas de circulaci\u00f3n, en las horas pico, al confluir los veh\u00edculos que llegan a C\u00facuta a la ciudadela Juan Atalaya. La petici\u00f3n est\u00e1 sustentada en la resoluci\u00f3n 03510 del 18 de diciembre del 2015, expedida por la Direcci\u00f3n de Desarrollo Aeroportuario de la Aeron\u00e1utica Civil.<\/p>\n<p>La obra se levanta al occidente de Cucuta y atentar\u00eda contra la seguridad de los viajeros que a diario hacen uso del servicio a\u00e9reo. El Ministerio P\u00fablico entreg\u00f3 la solicitud, porque para la Aerocivil la construcci\u00f3n se convierte en obst\u00e1culo prohibido.<\/p>\n<p>La construcci\u00f3n del puente atirantado\u00a0 mejorar\u00e1 el tr\u00e1nsito\u00a0 vehicular por la arteria vial que comunica a los municipios del norte y occidente de Norte de Santander. Entre otras especificaciones destacan las siguientes:<\/p>\n<p>1.- La obra estar\u00e1 a cargo del Consorcio Ciudadela Atalaya<\/p>\n<p>2.- Tendr\u00e1 un plazo de ejecuci\u00f3n de 14 meses<\/p>\n<p>3.- El costo ascender\u00e1 a los $ 37.000 millones<\/p>\n<p>4.- Constar\u00e1 de ocho carriles.<\/p>\n<p>La Aeron\u00e1utica Civil orden\u00f3 al Consorcio encargado de los trabajos la remoci\u00f3n o demolici\u00f3n del puente. El procurador Juan Carlos Bautista dijo que la resoluci\u00f3n genera inquietudes o dudas. Las respuestas inmediatas est\u00e1n en manos de Villamiza Laguado, sobre la decisi\u00f3n que tomar\u00eda ante el requerimiento de la Aerocivil.<\/p>\n<p>En la primera fase de ejecuci\u00f3n la empresa contratista y la interventor\u00eda, a cargo de la Universidad Pedag\u00f3gica y Tecnol\u00f3gica de Colombia, deb\u00edan revisar los estudios y los dise\u00f1os para aclarar las dudas que surgieran durante ese proceso.<\/p>\n<p>El exgobernador Edgar D\u00edaz tuvo inconvenientes con habitantes de la ciudadela Juan Atalaya, que le hicieron ver que el intercambiador generar\u00eda problemas de movilidad.<\/p>\n<p>La estructura contar\u00e1 con dos carriles en cada sentido, y en cada avenida, una luz de 450 metros, dos m\u00e1stiles de 29 metros con cables de suspensi\u00f3n de las vigas trasversales, una luz central de 80 metros, voladizos laterales de 40 metros y dos ramplas de acceso de 165 y 120 metros por cada costado.<\/p>\n<p><strong>Foto: Archivo <a href=\"http:\/\/www.contraluzcucua.co\">www.contraluzcucua.co<\/a><\/strong><\/p>\n<p>&nbsp; <\/p>\n","protected":false},"excerpt":{"rendered":"<p>C\u00daCUTA.- La construcci\u00f3n del intercambiador que une la autopista Juan Atalaya con la Avenida Las Am\u00e9ricas, a la altura de la glorieta de Los Vientos, deber\u00e1 ser suspendida de manera inmediata. La obra tiene un costo de $ 37.000 millones y el avance de los trabajos llega al 60 por ciento. La solicitud la present\u00f3 &hellip;<\/p>\n","protected":false},"author":1,"featured_media":25927,"comment_status":"open","ping_status":"open","sticky":false,"template":"","format":"standard","meta":{"footnotes":""},"categories":[541,6],"tags":[2082,2722,2721],"class_list":["post-25926","post","type-post","status-publish","format-standard","has-post-thumbnail","hentry","category-ciudad","category-ojo-avizor","tag-intercambiador-vial-de-atalaya","tag-juan-carlos-bautista","tag-procuraduria-regional"],"_links":{"self":[{"href":"https:\/\/contraluzcucuta.co\/index.php?rest_route=\/wp\/v2\/posts\/25926","targetHints":{"allow":["GET"]}}],"collection":[{"href":"https:\/\/contraluzcucuta.co\/index.php?rest_route=\/wp\/v2\/posts"}],"about":[{"href":"https:\/\/contraluzcucuta.co\/index.php?rest_route=\/wp\/v2\/types\/post"}],"author":[{"embeddable":true,"href":"https:\/\/contraluzcucuta.co\/index.php?rest_route=\/wp\/v2\/users\/1"}],"replies":[{"embeddable":true,"href":"https:\/\/contraluzcucuta.co\/index.php?rest_route=%2Fwp%2Fv2%2Fcomments&post=25926"}],"version-history":[{"count":1,"href":"https:\/\/contraluzcucuta.co\/index.php?rest_route=\/wp\/v2\/posts\/25926\/revisions"}],"predecessor-version":[{"id":25928,"href":"https:\/\/contraluzcucuta.co\/index.php?rest_route=\/wp\/v2\/posts\/25926\/revisions\/25928"}],"wp:featuredmedia":[{"embeddable":true,"href":"https:\/\/contraluzcucuta.co\/index.php?rest_route=\/wp\/v2\/media\/25927"}],"wp:attachment":[{"href":"https:\/\/contraluzcucuta.co\/index.php?rest_route=%2Fwp%2Fv2%2Fmedia&parent=25926"}],"wp:term":[{"taxonomy":"category","embeddable":true,"href":"https:\/\/contraluzcucuta.co\/index.php?rest_route=%2Fwp%2Fv2%2Fcategories&post=25926"},{"taxonomy":"post_tag","embeddable":true,"href":"https:\/\/contraluzcucuta.co\/index.php?rest_route=%2Fwp%2Fv2%2Ftags&post=25926"}],"curies":[{"name":"wp","href":"https:\/\/api.w.org\/{rel}","templated":true}]}}