{"id":25923,"date":"2016-02-10T15:12:20","date_gmt":"2016-02-10T20:12:20","guid":{"rendered":"http:\/\/contraluzcucuta.co\/?p=25923"},"modified":"2016-02-12T14:13:09","modified_gmt":"2016-02-12T19:13:09","slug":"cuaresma-en-cucuta-miercoles-de-ceniza-y-campana-por-los-presos","status":"publish","type":"post","link":"https:\/\/contraluzcucuta.co\/?p=25923","title":{"rendered":"CUARESMA EN C\u00daCUTA. Mi\u00e9rcoles de Ceniza y campa\u00f1a por los presos"},"content":{"rendered":"<p><strong>C\u00daCUTA.-<\/strong> El comienzo del <a href=\"http:\/\/opusdei.org.co\/es-co\/document\/cuaresma-el-camino-hacia-la-pascua\/\">tiempo de cuaresma<\/a> tiene dos momentos especiales para los cat\u00f3licos cucute\u00f1os. El primero es la imposici\u00f3n de la ceniza con la mensaje \u201crecuerda que polvo eres y en polvo te has de convertir\u201d. El segundo es el inicio de la Campa\u00f1a de Comunicaci\u00f3n Cristiana de Bienes, que este a\u00f1o beneficiar\u00e1 a internos del Centro Carcelario y Penitenciario de C\u00facuta.<\/p>\n<p>El padre Carlos Alberto, vestido de sotana negra, sorprendi\u00f3 a los cucute\u00f1os que merodeaban por el parque Santander. En sacerdote impuso la ceniza a los transe\u00fantes y les entreg\u00f3 el mensaje de la Iglesia para este tiempo de cuaresma. Hombres y mujeres, ni\u00f1os y adultos, aceptaron la invitaci\u00f3n y limpiaron la frente para que les estamparan la cruz.<\/p>\n<p>Las cenizas se elaboran a partir de la quema de ramas de olivo del Domingo de Ramos del a\u00f1o anterior, siendo luego bendecidas. Representa la destrucci\u00f3n de los errores del a\u00f1o anterior, al ser quemados. El Mi\u00e9rcoles de Ceniza marca el inicio de 40 d\u00edas de gracia y misericordia que invitan a la oraci\u00f3n, la conversi\u00f3n y la solidaridad.<\/p>\n<p>Al paso del padre Carlos Alberto lo creyentes deten\u00edan el caminar y luego de recibir el s\u00edmbolo del perd\u00f3n elevaban una corta oraci\u00f3n en se\u00f1al de arrepentimiento. Desde los veh\u00edculos, conductores y pasajeros solicitaron al ministro cat\u00f3lico la imposici\u00f3n de la ceniza para evitar no participar de este rito.<\/p>\n<p>La Di\u00f3cesis de C\u00facuta adelanta la Campa\u00f1a de Bienes como \u201cun ejercicio de Cuaresma que responde a una realidad sentida, una realidad humana, que nos llama a ser misericordiosos como lo dice el Evangelio: \u2018misericordia quiero y no sacrificios\u2019\u201d, explic\u00f3 el\u00a0 padre Abimael Bacca, director de la Pastoral Social de la Di\u00f3cesis.<\/p>\n<p>En la Cuaresma, como fruto de los ayunos y las privaciones, se fortalecer\u00e1 y ampliar\u00e1 la presencia de la Iglesia en los centros de reclusi\u00f3n de la ciudad. La campa\u00f1a responder\u00e1 a una de las Obras de Misericordia: \u2018Estuve en la c\u00e1rcel y vinieron a verme\u2026 Les aseguro que todo lo que hicieron por uno de estos hermanos m\u00edos m\u00e1s humildes, por m\u00ed mismo lo hicieron\u201d (Mateo 25, 36 &#8211; 40).<\/p>\n<p>Los recursos recaudados en estos 40 d\u00edas se invertir\u00e1n en la adecuaci\u00f3n de dos centros de pastoral penitenciaria cat\u00f3lica. Esos espacios estar\u00e1n al servicio de la acci\u00f3n pastoral y evangelizadora de internos, familiares, personal administrativo y guardias.<\/p>\n<p>\u201cHoy m\u00e1s que nunca es indispensable hacer realidad la reconciliaci\u00f3n y la paz, no solo hablando de la prisi\u00f3n como un lugar permanente de conflictos, sino como un lugar propicio para llenarlo de la gracia de Dios\u201d, dijo el padre Rhonald Sttyd Su\u00e1rez, delegado de la Pastoral Penitenciaria Cat\u00f3lica de C\u00facuta.<\/p>\n<p>\u2018Conociendo el rostro de Jes\u00fas tras las rejas\u2019 es lema de la Campa\u00f1a que se adelantar\u00e1 en las parroquias de la Di\u00f3cesis de C\u00facuta, instituciones educativas, fundaciones y establecimientos de comercio. El complejo Carcelario y Penitenciario de C\u00facuta cuenta con 4062 internos (hombres: 2885 zona norte y 836 zona sur; mujeres: 341).<\/p>\n<p>La iniciativa, en el A\u00f1o Santo de la Misericordia, hace un llamado a los bautizados a solidarizarse con los internos, \u00a0comprendiendo que en ellos est\u00e1 el rostro misericordioso de Cristo.<\/p>\n<p>\u201cEn la Cuaresma, como fruto de nuestros ayunos y privaciones, queremos en la Di\u00f3cesis de C\u00facuta, fortalecer y ampliar la presencia de la Iglesia Cat\u00f3lica en los centros de reclusi\u00f3n de la ciudad\u201d, dijo monse\u00f1or V\u00edctor Manuel Ochoa Cadavid.<\/p>\n<p>\u201cDetr\u00e1s de las rejas hay unos rostros humanos de\u00a0 sufrimiento, de esperanza y de libertad, que reflejan el dolor de Cristo, el amor misericordioso de Dios\u201d, agreg\u00f3 el padre Abimael Bacca. Ser\u00e1n 40 d\u00edas para la solidaridad, para que las pr\u00e1cticas cuaresmales de la oraci\u00f3n, la penitencia y la ofrenda, renueven nuestra vida, contribuyendo as\u00ed a una mejor sociedad.<\/p>\n<p>Los funcionarios de la administraci\u00f3n departamental le dieron la bienvenida a la Cuaresma con la imposici\u00f3n de la ceniza en la frente, como s\u00edmbolo de la fe cristiana y cat\u00f3lica que profesan los pueblos. El sacerdote Jes\u00fas Uriel Cristancho, de la Di\u00f3cesis de C\u00facuta, presidi\u00f3 la ceremonia.<\/p>\n<p>\u201cNos separan 40 d\u00edas hasta la celebraci\u00f3n del Triduo Pascual, que significan la pasi\u00f3n, la muerte y la resurrecci\u00f3n de Jesucristo. Los cristianos cat\u00f3licos acudimos al templo como s\u00edmbolo de la reconciliaci\u00f3n\u201d, expres\u00f3 en la homil\u00eda.<\/p>\n<p><strong>Foto: <a href=\"http:\/\/www.contraluzcucuta.co\">www.contraluzcucuta.co<\/a><\/strong><\/p>\n<p>&nbsp;<\/p>\n<p>&nbsp; <\/p>\n","protected":false},"excerpt":{"rendered":"<p>C\u00daCUTA.- El comienzo del tiempo de cuaresma tiene dos momentos especiales para los cat\u00f3licos cucute\u00f1os. El primero es la imposici\u00f3n de la ceniza con la mensaje \u201crecuerda que polvo eres y en polvo te has de convertir\u201d. El segundo es el inicio de la Campa\u00f1a de Comunicaci\u00f3n Cristiana de Bienes, que este a\u00f1o beneficiar\u00e1 a &hellip;<\/p>\n","protected":false},"author":1,"featured_media":25924,"comment_status":"open","ping_status":"open","sticky":false,"template":"","format":"standard","meta":{"footnotes":""},"categories":[541,36],"tags":[1210,8,1212,2490],"class_list":["post-25923","post","type-post","status-publish","format-standard","has-post-thumbnail","hentry","category-ciudad","category-la-voz-del-pueblo","tag-cuaresma","tag-diocesis-de-cucuta","tag-miercoles-de-ceniza","tag-monsenor-victor-manuel-ochoa"],"_links":{"self":[{"href":"https:\/\/contraluzcucuta.co\/index.php?rest_route=\/wp\/v2\/posts\/25923","targetHints":{"allow":["GET"]}}],"collection":[{"href":"https:\/\/contraluzcucuta.co\/index.php?rest_route=\/wp\/v2\/posts"}],"about":[{"href":"https:\/\/contraluzcucuta.co\/index.php?rest_route=\/wp\/v2\/types\/post"}],"author":[{"embeddable":true,"href":"https:\/\/contraluzcucuta.co\/index.php?rest_route=\/wp\/v2\/users\/1"}],"replies":[{"embeddable":true,"href":"https:\/\/contraluzcucuta.co\/index.php?rest_route=%2Fwp%2Fv2%2Fcomments&post=25923"}],"version-history":[{"count":1,"href":"https:\/\/contraluzcucuta.co\/index.php?rest_route=\/wp\/v2\/posts\/25923\/revisions"}],"predecessor-version":[{"id":25925,"href":"https:\/\/contraluzcucuta.co\/index.php?rest_route=\/wp\/v2\/posts\/25923\/revisions\/25925"}],"wp:featuredmedia":[{"embeddable":true,"href":"https:\/\/contraluzcucuta.co\/index.php?rest_route=\/wp\/v2\/media\/25924"}],"wp:attachment":[{"href":"https:\/\/contraluzcucuta.co\/index.php?rest_route=%2Fwp%2Fv2%2Fmedia&parent=25923"}],"wp:term":[{"taxonomy":"category","embeddable":true,"href":"https:\/\/contraluzcucuta.co\/index.php?rest_route=%2Fwp%2Fv2%2Fcategories&post=25923"},{"taxonomy":"post_tag","embeddable":true,"href":"https:\/\/contraluzcucuta.co\/index.php?rest_route=%2Fwp%2Fv2%2Ftags&post=25923"}],"curies":[{"name":"wp","href":"https:\/\/api.w.org\/{rel}","templated":true}]}}