{"id":25905,"date":"2016-02-08T16:45:46","date_gmt":"2016-02-08T21:45:46","guid":{"rendered":"http:\/\/contraluzcucuta.co\/?p=25905"},"modified":"2016-02-10T16:31:05","modified_gmt":"2016-02-10T21:31:05","slug":"dia-del-periodista-hay-que-acabar-con-la-extorsion","status":"publish","type":"post","link":"https:\/\/contraluzcucuta.co\/?p=25905","title":{"rendered":"D\u00cdA DEL PERIODISTA. Hay que acabar con la extorsi\u00f3n desde los micr\u00f3fonos"},"content":{"rendered":"<p>Hace tiempo, era norma que los pol\u00edticos recompensaran a los periodistas por los comentarios afectuosos a sus causas partidistas. Luego, se interesaron no en menciones o pauta, sino en comprar periodistas, a quienes les fueron intuyendo el difamar y desprestigiar a sus contrarios. Eran, entonces, los periodistas m\u00e1s efectivos haciendo esta clase de mandados que pregonando propuestas.<\/p>\n<p>Pero lo que no se previ\u00f3 es que se estaba aupando un nuevo modelo de infamia y calumnia que hoy ha degenerado en lo que podemos denominar \u2018bullin medi\u00e1tico\u2019.<\/p>\n<p>Cuando concluy\u00f3 la pol\u00edtica, entonces, los periodistas fogueados en este repudiable oficio salieron en busca de funcionarios corruptos, ofreci\u00e9ndoles su silencio a cambio de una tajada del producto de sus fechor\u00edas o si no ser\u00edan v\u00edctimas del \u2018bullin medi\u00e1tico\u2019.<\/p>\n<p>Veamos, si se denuncia una irregularidad, el inculpado no sale a hacer su rectificaci\u00f3n en el medio que se hace la denuncia, a\u00fan m\u00e1s huye de \u00e9l y busca uno donde pueda acomodar su versi\u00f3n para exculparse de la sindicaci\u00f3n. \u00a1Claro! El periodista cobra y el inculpado se cree inocente.<\/p>\n<p>Otro ejemplo, para no ir tan lejos, le acaba de ocurrir al rector de una reconocida universidad, quien dio por terminada la concesi\u00f3n a unos comunicadores y estos, sin recato, le hicieron \u2018bullin medi\u00e1tico\u2019 en venganza por la decisi\u00f3n tomada. Lo real es que el monstruo tambi\u00e9n ha sido alimentado por administraciones corruptas que no se ci\u00f1en a un plan de medios, sino a un plan de afectos en el cual la plata se reparte seg\u00fan el periodista que alaba, arropa y esconde a las malas administraciones.<\/p>\n<p>Hace pocos d\u00edas una oyente reclam\u00f3 en una radio respeto para ella y los miles de ciudadanos que se nutren y dan credibilidad a lo que los periodistas dicen en sus cadenas. \u00bfSer\u00e1 que el oyente est\u00e1 dejando de ser pasivo y quiere retroalimentarse para debatir, opinar y controvertir? Si es as\u00ed, entonces, debemos empezar a dudar de lo que nos dice esta clase de comunicadores como verdad sabida.<\/p>\n<p>En esta hora, en la que los colombianos entramos en posconflicto de una confrontaci\u00f3n de m\u00e1s de 60 a\u00f1os y que se requiere decir la verdad sin cortapisa, autocensura o censura, el periodismo est\u00e1 llamado a construir con verdades, en cualquier escenario, este nuevo pa\u00eds.<\/p>\n<p>En especial el periodismo de las regiones que se sumerge dram\u00e1ticamente entre el sesgo y la manipulaci\u00f3n y que es vejado, en gran medida, por periodistas formados en la c\u00e1tedra que ven en esta pr\u00e1ctica la \u00fanica forma para vivir decorosamente, extorsionando, en un pa\u00eds donde desde los micr\u00f3fonos, algunos comunicadores asaltan al ciudadano como cualquier ladr\u00f3n de esquina y trasgreden a sus oyentes neg\u00e1ndoles la informaci\u00f3n real, a cambio de infamia, calumnia y mentira.<\/p>\n<p>Como lo expresara el periodista Gustavo G\u00f3mez, \u201chablo de periodistas que cobran por sus comentarios y opiniones, feri\u00e1ndose cada tanto en el mercado espeluznante de la compraventa del honor\u201d.<\/p>\n<p><strong>JUAN RICARDO G\u00c9LVEZ<\/strong><\/p>\n<p><strong>Foto: redcomsur.org<\/strong><\/p>\n<p><strong>\u00a0<\/strong><\/p>\n<p><strong>\u00a0\u00a0\u00a0\u00a0\u00a0\u00a0\u00a0\u00a0\u00a0\u00a0\u00a0<\/strong> <\/p>\n","protected":false},"excerpt":{"rendered":"<p>Hace tiempo, era norma que los pol\u00edticos recompensaran a los periodistas por los comentarios afectuosos a sus causas partidistas. Luego, se interesaron no en menciones o pauta, sino en comprar periodistas, a quienes les fueron intuyendo el difamar y desprestigiar a sus contrarios. Eran, entonces, los periodistas m\u00e1s efectivos haciendo esta clase de mandados que &hellip;<\/p>\n","protected":false},"author":1,"featured_media":25906,"comment_status":"open","ping_status":"open","sticky":false,"template":"","format":"standard","meta":{"footnotes":""},"categories":[14,6],"tags":[2416,1128],"class_list":["post-25905","post","type-post","status-publish","format-standard","has-post-thumbnail","hentry","category-articulistas","category-ojo-avizor","tag-circulo-de-periodistas-y-comunicadores-de-norte-de-santander","tag-dia-nacional-del-periodista"],"_links":{"self":[{"href":"https:\/\/contraluzcucuta.co\/index.php?rest_route=\/wp\/v2\/posts\/25905","targetHints":{"allow":["GET"]}}],"collection":[{"href":"https:\/\/contraluzcucuta.co\/index.php?rest_route=\/wp\/v2\/posts"}],"about":[{"href":"https:\/\/contraluzcucuta.co\/index.php?rest_route=\/wp\/v2\/types\/post"}],"author":[{"embeddable":true,"href":"https:\/\/contraluzcucuta.co\/index.php?rest_route=\/wp\/v2\/users\/1"}],"replies":[{"embeddable":true,"href":"https:\/\/contraluzcucuta.co\/index.php?rest_route=%2Fwp%2Fv2%2Fcomments&post=25905"}],"version-history":[{"count":2,"href":"https:\/\/contraluzcucuta.co\/index.php?rest_route=\/wp\/v2\/posts\/25905\/revisions"}],"predecessor-version":[{"id":25932,"href":"https:\/\/contraluzcucuta.co\/index.php?rest_route=\/wp\/v2\/posts\/25905\/revisions\/25932"}],"wp:featuredmedia":[{"embeddable":true,"href":"https:\/\/contraluzcucuta.co\/index.php?rest_route=\/wp\/v2\/media\/25906"}],"wp:attachment":[{"href":"https:\/\/contraluzcucuta.co\/index.php?rest_route=%2Fwp%2Fv2%2Fmedia&parent=25905"}],"wp:term":[{"taxonomy":"category","embeddable":true,"href":"https:\/\/contraluzcucuta.co\/index.php?rest_route=%2Fwp%2Fv2%2Fcategories&post=25905"},{"taxonomy":"post_tag","embeddable":true,"href":"https:\/\/contraluzcucuta.co\/index.php?rest_route=%2Fwp%2Fv2%2Ftags&post=25905"}],"curies":[{"name":"wp","href":"https:\/\/api.w.org\/{rel}","templated":true}]}}