{"id":25902,"date":"2016-02-08T15:44:57","date_gmt":"2016-02-08T20:44:57","guid":{"rendered":"http:\/\/contraluzcucuta.co\/?p=25902"},"modified":"2016-02-10T15:59:58","modified_gmt":"2016-02-10T20:59:58","slug":"notas-al-margen-el-desarrollo-regional-amerita-mas-juicio-y-participacion","status":"publish","type":"post","link":"https:\/\/contraluzcucuta.co\/?p=25902","title":{"rendered":"NOTAS AL MARGEN. El desarrollo regional amerita m\u00e1s juicio y participaci\u00f3n"},"content":{"rendered":"<p>1.- Que la Zona Fronteriza Binacional \u2013 no delimitada legalmente por los dos Estados, sino aquella creada por los factores de vecindad \u00a0y las circunstancias que presiona la mancomunidad\u00a0 en su diario trajinar- es un conjunto de hechos y situaciones socio econ\u00f3micas que ameritan la mayor atenci\u00f3n y una consideraci\u00f3n y trato prioritario, lo demuestra, sin equ\u00edvocos y a plena luz del d\u00eda o sea con la mayor claridad, el decaimiento comercial y el empobrecimiento colectivo, ante la\u00a0 disminuci\u00f3n en la presencia de compradores, el cierre de establecimientos\u00a0 y la irrupci\u00f3n de un paralizante letargo en los niveles directivos \u2013tanto p\u00fablicos como privados &#8211; porque el conformismo y la carencia de acciones y conductas que propicien una gesti\u00f3n interesada\u00a0 en buscarle salidas a esta crisis no se observa ni se insin\u00faa\u00a0 en lo pol\u00edtico y administrativo, porque incuestionablemente \u2013as\u00ed no sea grato indicarlo \u2013 la regi\u00f3n, como la ciudad\u00a0 capital, carecen del vigor y liderazgo que para el proceso de transformaci\u00f3n y cambio, se requiere. A\u00fan m\u00e1s, la realidad de la situaci\u00f3n existente se conoce y ampl\u00eda para todos, por la verdad desnuda que sintetiza y demuestra, la quietud y el debilitamiento general que se advierten en iniciativas, planes y proyectos que exigen la participaci\u00f3n colectiva\u00a0 y el seguimiento t\u00e9cnico\u00a0 constante.<\/p>\n<p>2.- Esto, que debiera\u00a0 constituir un reto y un llamamiento al estudio de perspectivas por parte de las entidades representativas se traduce en m\u00e1s esperas, porque no hay convocatorias al an\u00e1lisis, ni esos llamamientos tienen en cuenta\u00a0 la asistencia de conocedores y expertos en las ramas del saber y los servicios, porque quienes tienen la sart\u00e9n se abstienen de abrir compuertas por temor a\u00a0 aperturas, cambios y renovaciones para la estructuraci\u00f3n y el desarrollo en lo que se debe y puede hacer. Adem\u00e1s, como\u00a0 tambi\u00e9n hay\u00a0 crisis en los cuadros pol\u00edticos\u00a0 e inicio de nuevas figuras en el acontecer municipal y de la Gobernaci\u00f3n, los pasos a\u00fan no se captan hacia la orientaci\u00f3n de una concepci\u00f3n innovadora y competidora\u00a0 en lo nacional, como en la visi\u00f3n de lo internacional, tal como llegan a insinuarlo quienes\u00a0 aceptan que hay un momento distinto a los anteriores y\u00a0 de implicaciones serias si no hay un\u00a0 giro y cambio hacia opciones trascendentes que incentiven y estimulen la inversi\u00f3n, el empleo y en esencia un mejor y mayor vivir de progreso.<\/p>\n<p>3.- Es tanta la preocupaci\u00f3n por la suerte regional y lo que significa la\u00a0 vida\u00a0 y aliento de la frontera y su decaimiento en lo empresarial y general\u00a0 de su estado, que en Bogot\u00e1 comienza\u00a0 a valorarse la conveniencia de darle cabida a un\u00a0 organismo de consistencia y dinamismo, con\u00a0 miembros\u00a0 y apoyos\u00a0 eminentemente regionales para provocar acciones y hechos que propicien mayor entendimiento sobre lo que es y puede cumplir esta esquina de la Republica \u2013hacia dentro y hacia afuera \u2013y ayudando a la conformaci\u00f3n de un pensamiento y actuar\u00a0 m\u00e1s abierto, positivo, participativo y progresista, como le urge y necesita\u00a0 la zona fronteriza m\u00e1s importante del Continente. Y la que si logra consolidar\u00a0 la conformaci\u00f3n de un plan transformador y con empe\u00f1os sinceramente compartidos es mucho lo que se puede hacer.<\/p>\n<p>Como, igualmente, as\u00ed\u00a0 lo saben muchos\u00a0 dirigentes y voceros venezolanos, que tambi\u00e9n ans\u00edan el surgir industrial, la modernizaci\u00f3n comercial y una gesti\u00f3n de bilateralidad colombo-venezolana constructiva, eficaz y de amplio beneficio colectivo para las dos naciones, dada la excepcional ubicaci\u00f3n geoestrat\u00e9gica.<\/p>\n<p>Y\u2026 \u00bfpor qu\u00e9 todo esto?\u00a0 Porque el reto del desarrollo amerita m\u00e1s juicio y participaci\u00f3n. Y, porque \u201cs\u00ed seguimos\u00a0 como vamos y nos quedamos como estamos, nunca llegaremos,\u00a0 a lo que todos anhelamos\u201d.<\/p>\n<p><strong>JOS\u00c9 NEIRA REY<\/strong><\/p>\n<p><strong><a href=\"mailto:jneirarey@hotmail.com\">jneirarey@hotmail.com<\/a><\/strong><\/p>\n<p><strong>Foto: PRENSA ALCALD\u00cdA<\/strong><\/p>\n<p><strong>\u00a0<\/strong> <\/p>\n","protected":false},"excerpt":{"rendered":"<p>1.- Que la Zona Fronteriza Binacional \u2013 no delimitada legalmente por los dos Estados, sino aquella creada por los factores de vecindad \u00a0y las circunstancias que presiona la mancomunidad\u00a0 en su diario trajinar- es un conjunto de hechos y situaciones socio econ\u00f3micas que ameritan la mayor atenci\u00f3n y una consideraci\u00f3n y trato prioritario, lo demuestra, &hellip;<\/p>\n","protected":false},"author":1,"featured_media":25903,"comment_status":"open","ping_status":"open","sticky":false,"template":"","format":"standard","meta":{"footnotes":""},"categories":[14,32],"tags":[1569,2717,382,956],"class_list":["post-25902","post","type-post","status-publish","format-standard","has-post-thumbnail","hentry","category-articulistas","category-recorrido-por-la-region","tag-cierre-de-frontera-colombo-venezolana","tag-desarrollo-regional","tag-jose-neira","tag-notas-al-margen"],"_links":{"self":[{"href":"https:\/\/contraluzcucuta.co\/index.php?rest_route=\/wp\/v2\/posts\/25902","targetHints":{"allow":["GET"]}}],"collection":[{"href":"https:\/\/contraluzcucuta.co\/index.php?rest_route=\/wp\/v2\/posts"}],"about":[{"href":"https:\/\/contraluzcucuta.co\/index.php?rest_route=\/wp\/v2\/types\/post"}],"author":[{"embeddable":true,"href":"https:\/\/contraluzcucuta.co\/index.php?rest_route=\/wp\/v2\/users\/1"}],"replies":[{"embeddable":true,"href":"https:\/\/contraluzcucuta.co\/index.php?rest_route=%2Fwp%2Fv2%2Fcomments&post=25902"}],"version-history":[{"count":1,"href":"https:\/\/contraluzcucuta.co\/index.php?rest_route=\/wp\/v2\/posts\/25902\/revisions"}],"predecessor-version":[{"id":25904,"href":"https:\/\/contraluzcucuta.co\/index.php?rest_route=\/wp\/v2\/posts\/25902\/revisions\/25904"}],"wp:featuredmedia":[{"embeddable":true,"href":"https:\/\/contraluzcucuta.co\/index.php?rest_route=\/wp\/v2\/media\/25903"}],"wp:attachment":[{"href":"https:\/\/contraluzcucuta.co\/index.php?rest_route=%2Fwp%2Fv2%2Fmedia&parent=25902"}],"wp:term":[{"taxonomy":"category","embeddable":true,"href":"https:\/\/contraluzcucuta.co\/index.php?rest_route=%2Fwp%2Fv2%2Fcategories&post=25902"},{"taxonomy":"post_tag","embeddable":true,"href":"https:\/\/contraluzcucuta.co\/index.php?rest_route=%2Fwp%2Fv2%2Ftags&post=25902"}],"curies":[{"name":"wp","href":"https:\/\/api.w.org\/{rel}","templated":true}]}}