{"id":25896,"date":"2016-02-04T17:04:04","date_gmt":"2016-02-04T22:04:04","guid":{"rendered":"http:\/\/contraluzcucuta.co\/?p=25896"},"modified":"2016-02-04T17:04:04","modified_gmt":"2016-02-04T22:04:04","slug":"ramon-cabrales-iglesia-y-gobierno-departamental-piden-libertad","status":"publish","type":"post","link":"https:\/\/contraluzcucuta.co\/?p=25896","title":{"rendered":"RAM\u00d3N CABRALES. Iglesia y gobierno departamental piden libertad"},"content":{"rendered":"<p><strong>C\u00daCUTA.-<\/strong> El secuestro de Ram\u00f3n Cabrales, ocurrido hace cinco meses en la v\u00eda Oca\u00f1a- Convenci\u00f3n, ha despertado diversas voces de solidaridad en C\u00facuta. En los \u00faltimos d\u00edas la Iglesia Cat\u00f3lica y los estamentos oficiales regionales han solicitado el \u00a0respeto por la vida y la \u00a0inmediata liberaci\u00f3n.<\/p>\n<p>Lo ocurrido con el ex alcalde de Salazar, Jes\u00fas Emilio Ayala, quien muri\u00f3 en cautiverio, mantiene en alerta a las autoridades civiles y policiales de Norte de Santander. La expectativa por la suerte del exgobernante termin\u00f3 cuando se revel\u00f3 el lugar donde estaba enterrado.<\/p>\n<p>\u201cLa vida es un don sagrado que debe ser respetado\u201d, dijo monse\u00f1or V\u00edctor Manuel Ochoa Cadavid, obispo de C\u00facuta. Decenas de familias colombianas sufren por el plagio de alg\u00fan familiar a manos de la guerrilla o de delincuentes comunes.<\/p>\n<p>El abogado Ram\u00f3n Cabrales, de 35 a\u00f1os, se desempe\u00f1\u00f3 como Alto Consejero para la provincia de Oca\u00f1a y secretario del Concejo. En octubre fue candidato a la Alcald\u00eda de Oca\u00f1a.<\/p>\n<p>\u201cComo Iglesia pedimos a los grupos alzados en armas que respeten la vida de los secuestrados. La pr\u00e1ctica del secuestro es una violaci\u00f3n directa a los derechos humanos y debe terminar\u201d. \u00a0Monse\u00f1or Ochoa exhort\u00f3 a los colombianos a unirse en oraci\u00f3n para que cese toda acci\u00f3n que atente contra la vida y la dignidad de las personas.<\/p>\n<p>En otra actividad en favor de la liberaci\u00f3n de los plagiados, la gestora social Cecilia Soler lider\u00f3 una jornada contra\u00a0 el secuestro. Familiares, amigos, estudiantes y el gabinete departamental le solicitaron al Eln permitir el regreso a casa de Ram\u00f3n Cabrales.<\/p>\n<p>\u201cNo tiene sentido que priven de la libertad a un ser humano, y menos cuando se est\u00e1 hablando de un proceso de paz. Le extiendo este clamor a los secuestradores para que frenen la violencia y sobretodo el secuestro,\u201d dijo Cecilia Soler.<\/p>\n<p>En el encuentro, en la plazoleta Los Naranjos, el gobernador (e) Yebrail Haddad agradeci\u00f3 la solidaridad de quienes aceptaron el llamado de la administraci\u00f3n departamental. Este es el cuarto secuestro que soporta la familia Cabrales. Pedro y Ram\u00f3n Cabrales murieron en cautiverio y Federico fue dejado en libertad.<\/p>\n<p>Desde C\u00facuta le solicitar\u00e1n al presidente Juan Manuel Santos que no inicie di\u00e1logos con el Eln \u201chasta que se aclaren los hechos del secuestro de \u2018Moncho\u2019 Cabrales\u201d.<\/p>\n<p><strong>Foto: PRENSA GOBERNACI\u00d3N<\/strong><\/p>\n<p>&nbsp; <\/p>\n","protected":false},"excerpt":{"rendered":"<p>C\u00daCUTA.- El secuestro de Ram\u00f3n Cabrales, ocurrido hace cinco meses en la v\u00eda Oca\u00f1a- Convenci\u00f3n, ha despertado diversas voces de solidaridad en C\u00facuta. En los \u00faltimos d\u00edas la Iglesia Cat\u00f3lica y los estamentos oficiales regionales han solicitado el \u00a0respeto por la vida y la \u00a0inmediata liberaci\u00f3n. Lo ocurrido con el ex alcalde de Salazar, Jes\u00fas &hellip;<\/p>\n","protected":false},"author":1,"featured_media":25897,"comment_status":"open","ping_status":"open","sticky":false,"template":"","format":"standard","meta":{"footnotes":""},"categories":[556,6],"tags":[8,2715,2490,2714,2716],"class_list":["post-25896","post","type-post","status-publish","format-standard","has-post-thumbnail","hentry","category-departamento","category-ojo-avizor","tag-diocesis-de-cucuta","tag-gestora-social-cecilia-soler","tag-monsenor-victor-manuel-ochoa","tag-ramon-cabrales","tag-secuestrados-en-norte-de-santander"],"_links":{"self":[{"href":"https:\/\/contraluzcucuta.co\/index.php?rest_route=\/wp\/v2\/posts\/25896","targetHints":{"allow":["GET"]}}],"collection":[{"href":"https:\/\/contraluzcucuta.co\/index.php?rest_route=\/wp\/v2\/posts"}],"about":[{"href":"https:\/\/contraluzcucuta.co\/index.php?rest_route=\/wp\/v2\/types\/post"}],"author":[{"embeddable":true,"href":"https:\/\/contraluzcucuta.co\/index.php?rest_route=\/wp\/v2\/users\/1"}],"replies":[{"embeddable":true,"href":"https:\/\/contraluzcucuta.co\/index.php?rest_route=%2Fwp%2Fv2%2Fcomments&post=25896"}],"version-history":[{"count":1,"href":"https:\/\/contraluzcucuta.co\/index.php?rest_route=\/wp\/v2\/posts\/25896\/revisions"}],"predecessor-version":[{"id":25898,"href":"https:\/\/contraluzcucuta.co\/index.php?rest_route=\/wp\/v2\/posts\/25896\/revisions\/25898"}],"wp:featuredmedia":[{"embeddable":true,"href":"https:\/\/contraluzcucuta.co\/index.php?rest_route=\/wp\/v2\/media\/25897"}],"wp:attachment":[{"href":"https:\/\/contraluzcucuta.co\/index.php?rest_route=%2Fwp%2Fv2%2Fmedia&parent=25896"}],"wp:term":[{"taxonomy":"category","embeddable":true,"href":"https:\/\/contraluzcucuta.co\/index.php?rest_route=%2Fwp%2Fv2%2Fcategories&post=25896"},{"taxonomy":"post_tag","embeddable":true,"href":"https:\/\/contraluzcucuta.co\/index.php?rest_route=%2Fwp%2Fv2%2Ftags&post=25896"}],"curies":[{"name":"wp","href":"https:\/\/api.w.org\/{rel}","templated":true}]}}