{"id":25890,"date":"2016-02-04T16:26:53","date_gmt":"2016-02-04T21:26:53","guid":{"rendered":"http:\/\/contraluzcucuta.co\/?p=25890"},"modified":"2016-02-08T21:22:55","modified_gmt":"2016-02-09T02:22:55","slug":"viceministro-de-salud-no-existe-una-vacuna-para-combatir-el-zika","status":"publish","type":"post","link":"https:\/\/contraluzcucuta.co\/?p=25890","title":{"rendered":"VICEMINISTRO DE SALUD. &#8220;No existe una vacuna para combatir el Zika&#8221;"},"content":{"rendered":"<p><strong>C\u00daCUTA.-<\/strong> Cada d\u00eda el Zika enciende nuevas alarmas\u00a0de\u00a0alto riesgo para los nortesantandereanos. Al constante\u00a0aumento de pacientes picados por el \u00a0\u00a0Aedes Aegypti se suman la carencia de recursos para eliminarlo y la falta de dinero para encararlo. El \u00faltimo llamado de atenci\u00f3n es que \u201cno existe una vacuna para combatir el Zika\u201d. Lo\u00a0dijo en C\u00facuta el viceministro de salud \u00a0Fernando Ruiz G\u00f3mez.<\/p>\n<p>La categ\u00f3rica afirmaci\u00f3n venida de la m\u00e1xima autoridad sanitaria en el pa\u00eds, se agrega a la advertencia que d\u00edas atr\u00e1s hiciera el subsecretario de salud municipal Leonardo Dur\u00e1n: \u201c<a href=\"https:\/\/contraluzcucuta.co\/articulos\/zika-al-acecho-la-fumigacion-no-es-la-solucion\/\">La fumigaci\u00f3n no es la soluci\u00f3n<\/a>\u201d. Los efectos de los insecticidas son de corta duraci\u00f3n.<\/p>\n<p>Cient\u00edficos colombianos trabajan para el desarrollo de la vacuna que contrarreste los efectos del veneno trasmitido por el mosquito. Sin embargo, no ser\u00e1 en poco tiempo que se tenga ese ant\u00eddoto. \u201cLa investigaci\u00f3n puede llevar 3, 5 o hasta 10 a\u00f1os\u201d, dijo el viceministro y se lament\u00f3 porque \u201cno vamos a tener pronto la disponibilidad de una vacuna para el caso del zika\u201d.<\/p>\n<p>Las comunidades se sienten tranquilas cuando se adelantan jornadas de fumigaci\u00f3n, aunque es algo que no genera el beneficio que la gente espera. \u201cLa fumigaci\u00f3n es de corta duraci\u00f3n. Los mosquitos generan resistencia a los insecticidas. Hay una falsa sensaci\u00f3n de protecci\u00f3n\u201d, afirm\u00f3 Ruiz G\u00f3mez.<\/p>\n<p>Ante esta situaci\u00f3n se pidi\u00f3 fumigar los espacios donde hay aglomeraci\u00f3n de personas, entre los que destacan colegios, escuelas, c\u00e1rceles, centros de salud, guarniciones militares y universidades.<\/p>\n<p>A la falta del remedio salido de los laboratorios, la recomendaci\u00f3n inmediata para prevenir el contagio es el uso de repelentes, que deben aplicarse cada dos o tres horas para protegerse de la picadura de zancudos.<\/p>\n<p>Las acciones de inmediato cumplimiento est\u00e1n dirigidas a que cada municipio y departamento tenga un plan de contingencia contra el Zika. En esos programas debe contemplarse la comunicaci\u00f3n con las comunidades como arma para prevenir y combatir la enfermedad. \u201cHay que ense\u00f1ar a trabajar a las comunidades\u201d, indic\u00f3 el viceministro.<\/p>\n<p>La prevenci\u00f3n debe estar dirigida a la contenci\u00f3n de los vectores, que depende de cada familia, cada comunidad y cada secretar\u00eda de Salud. \u201cLos servicios de Salud deben entregar mensajes adecuados para que la comunidad pueda tener la informaci\u00f3n suficiente para cuidarse y tomar decisiones\u201d.<\/p>\n<p>Otro inconveniente que surge en esta zona del pa\u00eds es la incomunicaci\u00f3n que existe con las autoridades sanitarias de Venezuela. El cierre de la frontera, ordenado en agosto desde Caracas, genera preocupaci\u00f3n al Gobierno, porque no se tiene reporte de la enfermedad. \u201cEstamos a ciegas, en t\u00e9rminos de alto riesgo\u201d.<\/p>\n<p>El viceministro se\u00f1al\u00f3 que los mosquitos no respetan las barricadas instaladas en los puentes internacionales. \u201cSe r\u00eden de nosotros, de lo que decimos, y pasan por el r\u00edo con la mayor facilidad. No hay fronteras para los mosquitos\u201d. Si no hay acciones compartidas, los habitantes a uno y otro lado del r\u00edo T\u00e1chira van a sufrir mutuamente las consecuencias.<\/p>\n<p>La parte alentadora de la disertaci\u00f3n del viceministro Ruiz G\u00f3mez est\u00e1 relacionada con el anuncio de recursos econ\u00f3micos. Sin embargo, reiter\u00f3 que deben justificarse las inversiones. \u201cPlata para qu\u00e9\u201d, es la explicaci\u00f3n que deben entregar las autoridades de Salud departamental y decir para qu\u00e9 necesitan el dinero.<\/p>\n<p>A las mujeres les pidi\u00f3 que consideren la posibilidad de posponer el embarazo hasta julio. La recomendaci\u00f3n se da porque hay un riesgo de microcefalia del beb\u00e9. Indic\u00f3 que hay una asociaci\u00f3n estad\u00edstica entre la presencia del zika y la microencefalia. \u201cNo se ha elaborado un estudio que determine que el Zika causa microencefalia o Guillain Barre\u201d.<\/p>\n<p>A las embarazadas que viven en municipios de m\u00e1s de 2200 metros de altura, les solicit\u00f3 no viajar a pueblos de clima caliente. Y a las que viven por debajo de los 2200 metros, que se protejan.<\/p>\n<p>El \u00faltimo bolet\u00edn epidemiol\u00f3gico del Instituto Nacional de Salud da cuenta de que en el pa\u00eds hay 20.297 casos. El Ministerio de Salud le hace seguimiento a \u00a02116 gestantes y 265 reci\u00e9n nacidos, de los cuales 164 est\u00e1n sanos, aunque se les debe hacer seguimiento. Adem\u00e1s, se reportan 80 casos de Guillain-Barre,<\/p>\n<p>En Norte de Santander, se han detectado 4085 casos de zika, y se hace seguimiento a 786 gestantes. En C\u00facuta 3800 casos y 628 gestantes.<\/p>\n<p><strong>RAFAEL ANTONIO PAB\u00d3N<\/strong><\/p>\n<p><strong><a href=\"mailto:rafaelpabon58@hotmail.com\">rafaelpabon58@hotmail.com<\/a><\/strong><\/p>\n<p><strong>Foto: <a href=\"http:\/\/www.contraluzcucuta.c\">www.contraluzcucuta.c<\/a><\/strong><\/p>\n<p>&nbsp; <\/p>\n","protected":false},"excerpt":{"rendered":"<p>C\u00daCUTA.- Cada d\u00eda el Zika enciende nuevas alarmas\u00a0de\u00a0alto riesgo para los nortesantandereanos. Al constante\u00a0aumento de pacientes picados por el \u00a0\u00a0Aedes Aegypti se suman la carencia de recursos para eliminarlo y la falta de dinero para encararlo. El \u00faltimo llamado de atenci\u00f3n es que \u201cno existe una vacuna para combatir el Zika\u201d. Lo\u00a0dijo en C\u00facuta el &hellip;<\/p>\n","protected":false},"author":1,"featured_media":25892,"comment_status":"open","ping_status":"open","sticky":false,"template":"","format":"standard","meta":{"footnotes":""},"categories":[556,32],"tags":[2703,837,2668],"class_list":["post-25890","post","type-post","status-publish","format-standard","has-post-thumbnail","hentry","category-departamento","category-recorrido-por-la-region","tag-toconzi","tag-viceministro-de-salud","tag-zika"],"_links":{"self":[{"href":"https:\/\/contraluzcucuta.co\/index.php?rest_route=\/wp\/v2\/posts\/25890","targetHints":{"allow":["GET"]}}],"collection":[{"href":"https:\/\/contraluzcucuta.co\/index.php?rest_route=\/wp\/v2\/posts"}],"about":[{"href":"https:\/\/contraluzcucuta.co\/index.php?rest_route=\/wp\/v2\/types\/post"}],"author":[{"embeddable":true,"href":"https:\/\/contraluzcucuta.co\/index.php?rest_route=\/wp\/v2\/users\/1"}],"replies":[{"embeddable":true,"href":"https:\/\/contraluzcucuta.co\/index.php?rest_route=%2Fwp%2Fv2%2Fcomments&post=25890"}],"version-history":[{"count":1,"href":"https:\/\/contraluzcucuta.co\/index.php?rest_route=\/wp\/v2\/posts\/25890\/revisions"}],"predecessor-version":[{"id":25893,"href":"https:\/\/contraluzcucuta.co\/index.php?rest_route=\/wp\/v2\/posts\/25890\/revisions\/25893"}],"wp:featuredmedia":[{"embeddable":true,"href":"https:\/\/contraluzcucuta.co\/index.php?rest_route=\/wp\/v2\/media\/25892"}],"wp:attachment":[{"href":"https:\/\/contraluzcucuta.co\/index.php?rest_route=%2Fwp%2Fv2%2Fmedia&parent=25890"}],"wp:term":[{"taxonomy":"category","embeddable":true,"href":"https:\/\/contraluzcucuta.co\/index.php?rest_route=%2Fwp%2Fv2%2Fcategories&post=25890"},{"taxonomy":"post_tag","embeddable":true,"href":"https:\/\/contraluzcucuta.co\/index.php?rest_route=%2Fwp%2Fv2%2Ftags&post=25890"}],"curies":[{"name":"wp","href":"https:\/\/api.w.org\/{rel}","templated":true}]}}