{"id":25877,"date":"2016-02-04T13:55:05","date_gmt":"2016-02-04T18:55:05","guid":{"rendered":"http:\/\/contraluzcucuta.co\/?p=25877"},"modified":"2016-02-08T15:16:32","modified_gmt":"2016-02-08T20:16:32","slug":"rio-pamplonita-la-situacion-es-verdaderamente-alarmante-angarita","status":"publish","type":"post","link":"https:\/\/contraluzcucuta.co\/?p=25877","title":{"rendered":"R\u00cdO PAMPLONITA. \u201cLa situaci\u00f3n es verdaderamente alarmante\u201d, Angarita"},"content":{"rendered":"<p><strong>C\u00daCUTA.-<\/strong> Alarmado, preocupado y de triste regres\u00f3 al despacho el director de Corponor, Gregorio Angarita, luego del recorrido que efectu\u00f3 por el Pamplonita. \u201cLa situaci\u00f3n es verdaderamente desastrosa\u201d, dijo apesadumbrado al recordar que despu\u00e9s de la captaci\u00f3n de agua para el acueducto de C\u00facuta el r\u00edo queda sin caudal ecol\u00f3gico.<\/p>\n<p>La sequ\u00eda ocasionada por el Fen\u00f3meno de El Ni\u00f1o \u201ces un llamado de atenci\u00f3n permanente\u201d para no malgastar el agua en casa y cuidarla al m\u00e1ximo. Los aforos efectuados y los dict\u00e1menes presentados arrojan la \u2018alerta naranja\u2019, que se traduce en un inminente racionamiento. \u201cEstamos preocupados\u201d, dijo Angarita Lamk.<\/p>\n<p>El 8 de febrero, estar\u00e1 en C\u00facuta el ministro del Ambiente, Gabriel Vallejo, para analizar solo el asunto del Fen\u00f3meno de El Ni\u00f1o en Norte de Santander.<\/p>\n<p>Entre las \u00faltimas disposiciones para la protecci\u00f3n del Pamplonita, la Corporaci\u00f3n Aut\u00f3noma Regional de la Frontera Nororiental decidi\u00f3 suspender la extracci\u00f3n de material de arrastre entre el sitio de confluencia de la Quebrada Iscal\u00e1 y el r\u00edo Pamplonita. Es decir, entre La Donjuana y el puente de San Rafael. La orden se imparti\u00f3 el 2 de febrero.<\/p>\n<p>Para el caso del r\u00edo Algodonal (Oca\u00f1a) la prohibici\u00f3n cobija 440 metros arriba de la laguna de oxidaci\u00f3n de \u00c1brego hasta la bocatoma del acueducto de Oca\u00f1a. Tampoco se pueden ejercer actividades de extracci\u00f3n.<\/p>\n<p>Las concesiones autorizadas quedan suspendidas hasta cuando cambien las condiciones climatol\u00f3gicas y se garantice el caudal ecol\u00f3gico, que permitir\u00e1 tener una flora y una fauna adecuadas. \u201cTomamos esa decisi\u00f3n y no tiene recurso de apelaci\u00f3n. Invitamos a la comunidad a que denuncie cualquier actividad que detecte\u201d.<\/p>\n<p>Las empresas que desarrollaban esas labores y tienen concesiones autorizadas por la Corporaci\u00f3n entran en medida de suspensi\u00f3n. Aguas abajo del puente San Rafael contin\u00faan los trabajos, porque no afectan el cauce del r\u00edo. Sin embargo, \u201cson objeto de verificaci\u00f3n para tomar una decisi\u00f3n, la pr\u00f3xima semana\u201d.<\/p>\n<p>Las actividades que se adelantan a la altura de La Talanquera, en el r\u00edo Pamplonita, en inmediaciones del centro comercial \u00c9xito, son de mitigaci\u00f3n y est\u00e1n contratadas desde el a\u00f1o pasado. No tienen que ver con extracci\u00f3n de material de arrastre.<\/p>\n<p>\u201cEsto se complementa con la evaluaci\u00f3n que adelanta la Corporaci\u00f3n para determinar si la captaci\u00f3n autorizada por el caudal del Pamplonita en \u00e9poca de abundancia la vamos a ajustar o no para que Aguas Kpital no produzca la captaci\u00f3n completa, como se hace en este momento y se pueda garantizar un caudal ecol\u00f3gico\u201d, indic\u00f3 Gregorio Angarita.<\/p>\n<p>Los planes de protecci\u00f3n del r\u00edo siempre han existido, hay es que ejecutarlos, implementarlos y tomar las decisiones. \u201cDebemos ser respetuosos de las instancias anteriores. En este momento la realidad es que se tom\u00f3 una decisi\u00f3n para la protecci\u00f3n de los r\u00edos Pamplonita y Algodonal\u201d. Corponor analiza\u00a0 unas quejas relacionadas con el \u00a0Peralonso. El Zulia tiene caudales mejores y se ha permitido que se trasvase agua para suministrar al valle de C\u00facuta.<\/p>\n<p>\u201cLo que pasa del puente de San Rafael hacia la Donjuana afecta a Los Patios\u201d, por lo que la Corporaci\u00f3n ha recibido colaboraci\u00f3n de los alcaldes del \u00c1REA Metropolitana y de Chin\u00e1cota para trabajar en equipo y evitar la situaci\u00f3n alarmante.<\/p>\n<p>El proceso sancionatorio econ\u00f3mico para los infractores se encuentra en curso. Con ocasi\u00f3n de la denuncia recibida la semana pasada, sobre la presencia de volquetas en el Pamplonita, en inmediaciones del puente que se construye en el kil\u00f3metro 8, se elabor\u00f3 el informe t\u00e9cnico que permitir\u00e1 la apertura del proceso.<\/p>\n<p>\u201cLo propio ocurre con la evaluaci\u00f3n para conocer la realidad de Aguas Kpital. Si no cumplen con lo autorizado tambi\u00e9n se proceder\u00e1 de conformidad con las sanciones respectivas\u201d, advirti\u00f3 Angarita Lamk. \u201cEstamos actuando contra la captaci\u00f3n ilegal. Esa actividad ha sido tan irregular \u00a0que destruimos las captaciones y al d\u00eda siguiente est\u00e1n de nuevo. Por eso es importante la colaboraci\u00f3n de la comunidad con la denuncia p\u00fablica\u201d.<\/p>\n<p><strong>RAFAEL ANTONIO PAB\u00d3N<\/strong><\/p>\n<p><a href=\"mailto:rafaelpabon58@hotmail.com\"><strong>rafaelpabon58@hotmail.com<\/strong><\/a><\/p>\n<p><strong>Foto: PRENSA CORPONOR<\/strong><\/p>\n<p>&nbsp; <\/p>\n","protected":false},"excerpt":{"rendered":"<p>C\u00daCUTA.- Alarmado, preocupado y de triste regres\u00f3 al despacho el director de Corponor, Gregorio Angarita, luego del recorrido que efectu\u00f3 por el Pamplonita. \u201cLa situaci\u00f3n es verdaderamente desastrosa\u201d, dijo apesadumbrado al recordar que despu\u00e9s de la captaci\u00f3n de agua para el acueducto de C\u00facuta el r\u00edo queda sin caudal ecol\u00f3gico. La sequ\u00eda ocasionada por el &hellip;<\/p>\n","protected":false},"author":1,"featured_media":25878,"comment_status":"open","ping_status":"open","sticky":false,"template":"","format":"standard","meta":{"footnotes":""},"categories":[556,347,32],"tags":[493,1974,120,560,40,1597],"class_list":["post-25877","post","type-post","status-publish","format-standard","has-post-thumbnail","hentry","category-departamento","category-medio-ambiente","category-recorrido-por-la-region","tag-corponor","tag-fenomeno-de-el-nino-en-norte-de-santander","tag-gregorio-angarita-lamk","tag-medio-ambiente-2","tag-rio-pamplonita","tag-rio-zulia"],"_links":{"self":[{"href":"https:\/\/contraluzcucuta.co\/index.php?rest_route=\/wp\/v2\/posts\/25877","targetHints":{"allow":["GET"]}}],"collection":[{"href":"https:\/\/contraluzcucuta.co\/index.php?rest_route=\/wp\/v2\/posts"}],"about":[{"href":"https:\/\/contraluzcucuta.co\/index.php?rest_route=\/wp\/v2\/types\/post"}],"author":[{"embeddable":true,"href":"https:\/\/contraluzcucuta.co\/index.php?rest_route=\/wp\/v2\/users\/1"}],"replies":[{"embeddable":true,"href":"https:\/\/contraluzcucuta.co\/index.php?rest_route=%2Fwp%2Fv2%2Fcomments&post=25877"}],"version-history":[{"count":1,"href":"https:\/\/contraluzcucuta.co\/index.php?rest_route=\/wp\/v2\/posts\/25877\/revisions"}],"predecessor-version":[{"id":25879,"href":"https:\/\/contraluzcucuta.co\/index.php?rest_route=\/wp\/v2\/posts\/25877\/revisions\/25879"}],"wp:featuredmedia":[{"embeddable":true,"href":"https:\/\/contraluzcucuta.co\/index.php?rest_route=\/wp\/v2\/media\/25878"}],"wp:attachment":[{"href":"https:\/\/contraluzcucuta.co\/index.php?rest_route=%2Fwp%2Fv2%2Fmedia&parent=25877"}],"wp:term":[{"taxonomy":"category","embeddable":true,"href":"https:\/\/contraluzcucuta.co\/index.php?rest_route=%2Fwp%2Fv2%2Fcategories&post=25877"},{"taxonomy":"post_tag","embeddable":true,"href":"https:\/\/contraluzcucuta.co\/index.php?rest_route=%2Fwp%2Fv2%2Ftags&post=25877"}],"curies":[{"name":"wp","href":"https:\/\/api.w.org\/{rel}","templated":true}]}}