{"id":25867,"date":"2016-02-02T15:23:12","date_gmt":"2016-02-02T20:23:12","guid":{"rendered":"http:\/\/contraluzcucuta.co\/?p=25867"},"modified":"2016-02-04T16:01:59","modified_gmt":"2016-02-04T21:01:59","slug":"notas-al-margen-basta-la-frontera-pide-mayor-atencion-y-asistencia","status":"publish","type":"post","link":"https:\/\/contraluzcucuta.co\/?p=25867","title":{"rendered":"NOTAS AL MARGEN. \u00a1Basta! La frontera pide mayor atenci\u00f3n\u00a0 y asistencia \u00a0"},"content":{"rendered":"<p>1.-El problema \u2013 de implicaciones no solo nacionales, sino de car\u00e1cter bilateral\u00a0 e internacional &#8211; olvidado\u00a0 por Venezuela, y por Colombia, descuidado, sobre la faja territorial fronteriza entre las dos naciones\u00a0 y las implicaciones existentes en trato, movilizaci\u00f3n y desarrollo de actividades y acciones que tienen origen y vivencia, seg\u00fan sean las relaciones de vecindad, mancomunidad e interrelaci\u00f3n de intereses \u2013 de orden p\u00fablico y privado \u2013 requiere de una prioritaria atenci\u00f3n y de un enfoque realista, positivo, pr\u00e1ctico y con visi\u00f3n de futuro.<\/p>\n<p>Infortunadamente, hay di\u00e1logos al mayor nivel, con cruce de saludos y buenas intenciones en los temas para considerar \u2013que re\u00fanen a presidentes, cancilleres y auxiliares, como sucedi\u00f3 recientemente en Quito, durante la reuni\u00f3n de la Celac \u2013 pero pareciera que lo alusivo a la frontera\u00a0 y a los factores que ameritan una profundizaci\u00f3n y valoraci\u00f3n aut\u00e9ntica para saber\u00a0 el alcance de lo que se debe tener en cuenta, para fortalecer opciones y prospectos, que en m\u00faltiples actividades siguen sin auxiliares, apoyos o asistencias, como acontece\u00a0 con la creaci\u00f3n de empleos, el aprovechamiento de ventajas comparativas y el impulso al mejoramiento infraestructural y de servicios, para s\u00ed encarar y dar proyecci\u00f3n a empe\u00f1os mayores \u00a0en lo agr\u00edcola, comercial, ganadero e industrial mediante el mejoramiento y decisivo respaldo a la investigaci\u00f3n, capacitaci\u00f3n y est\u00edmulos en centros de estudio y Universidades.<\/p>\n<p>2.- Lo notorio de esa indiferencia es que no hay una comisi\u00f3n extraordinaria y especial sobre la frontera colombo venezolana \u00a0\u2013 en la que participen \u00a0voceros de cada gobierno y la gente de frontera, representada por agentes que velen por el presente y el porvenir &#8211; que si se\u00a0 examina en los detalles y las particulares, y sin celos o ventajismos -puede ser de trascendencia.<\/p>\n<p>\u00bfQu\u00e9 ha hecho falta? Que las regiones afectadas y los m\u00e1s leg\u00edtimos exponentes demuestren lo que acontece\u00a0 y permitan y faciliten los entendimientos que deben llegar a la suscripci\u00f3n de acuerdos\u00a0 y pol\u00edticas conjuntas o de mutua coparticipaci\u00f3n, para dar pie y sustento a proyectos e iniciativas detenidas en el tiempo y en la convocatoria a labores y acciones conjuntas para mejor aprovechar recursos, distancias, mercados, etc\u00e9tera.<\/p>\n<p>La creaci\u00f3n de mutuos ministerios de Frontera podr\u00eda constituir otra motivaci\u00f3n que permita el seguimiento\u00a0 y la evaluaci\u00f3n contante, pero sin omitir las Comisiones Bilaterales de Estudio y Propuestas.<\/p>\n<p>3.- Seguir, sin hacer nada, simplemente esperando o creando factores de rechazo y preocupaci\u00f3n, como acontece con los cierres de los puentes internacionales y todo lo que genera la\u00a0 situaci\u00f3n de la movilizaci\u00f3n, lo financiero, monetario y cambiario, m\u00e1s la ausencia de una fijaci\u00f3n de conductas y derroteros obliga\u00a0 a un \u00a1Basta! Aqu\u00ed necesitamos una mayor y mejor presencia del esp\u00edritu integracionista y de uni\u00f3n, que dio base y sustento a Venezuela y Colombia.<\/p>\n<p>Cuando se analiza la tem\u00e1tica fronteriza\u00a0 y el grado de abandono al que hemos llegado, porque no hay acercamientos entre gobernadores, alcaldes, parlamentarios, C\u00e1maras de Comercio, gremios y asociaciones o corporaciones p\u00fablicas o privadas se comprende la raz\u00f3n y semipar\u00e1lisis y quietud que es observable, simplemente registrando el estado de calles y avenidas y los avisos de \u2018Se arrienda\u2019 o \u2018Se vende\u2019, para no aludir a los cambios de almacenes por sitios de ventas de gaseosas y pasteles o como garajes de motocicletas y bicicletas, ante la disminuci\u00f3n del dinamismo y la atracci\u00f3n que produce el pleno ejercicio de la oferta y la demanda.<\/p>\n<p>S\u00ed no, podemos seguir en silencio\u00a0 y con los brazos cruzados y esperando\u00a0 que haya luz sin abrir los ojos.<\/p>\n<p><strong>JOS\u00c9 NEIRA REY<\/strong><\/p>\n<p><strong><a href=\"mailto:jneirarey@hotmail.com\">jneirarey@hotmail.com<\/a><\/strong><\/p>\n<p><strong>Foto: Archivo <a href=\"http:\/\/www.contraluzcucuta.co\">www.contraluzcucuta.co<\/a><\/strong><\/p>\n<p>&nbsp; <\/p>\n","protected":false},"excerpt":{"rendered":"<p>1.-El problema \u2013 de implicaciones no solo nacionales, sino de car\u00e1cter bilateral\u00a0 e internacional &#8211; olvidado\u00a0 por Venezuela, y por Colombia, descuidado, sobre la faja territorial fronteriza entre las dos naciones\u00a0 y las implicaciones existentes en trato, movilizaci\u00f3n y desarrollo de actividades y acciones que tienen origen y vivencia, seg\u00fan sean las relaciones de vecindad, &hellip;<\/p>\n","protected":false},"author":1,"featured_media":25868,"comment_status":"open","ping_status":"open","sticky":false,"template":"","format":"standard","meta":{"footnotes":""},"categories":[14,32],"tags":[1569,578,382,956],"class_list":["post-25867","post","type-post","status-publish","format-standard","has-post-thumbnail","hentry","category-articulistas","category-recorrido-por-la-region","tag-cierre-de-frontera-colombo-venezolana","tag-frontera-colombo-venezolana","tag-jose-neira","tag-notas-al-margen"],"_links":{"self":[{"href":"https:\/\/contraluzcucuta.co\/index.php?rest_route=\/wp\/v2\/posts\/25867","targetHints":{"allow":["GET"]}}],"collection":[{"href":"https:\/\/contraluzcucuta.co\/index.php?rest_route=\/wp\/v2\/posts"}],"about":[{"href":"https:\/\/contraluzcucuta.co\/index.php?rest_route=\/wp\/v2\/types\/post"}],"author":[{"embeddable":true,"href":"https:\/\/contraluzcucuta.co\/index.php?rest_route=\/wp\/v2\/users\/1"}],"replies":[{"embeddable":true,"href":"https:\/\/contraluzcucuta.co\/index.php?rest_route=%2Fwp%2Fv2%2Fcomments&post=25867"}],"version-history":[{"count":1,"href":"https:\/\/contraluzcucuta.co\/index.php?rest_route=\/wp\/v2\/posts\/25867\/revisions"}],"predecessor-version":[{"id":25869,"href":"https:\/\/contraluzcucuta.co\/index.php?rest_route=\/wp\/v2\/posts\/25867\/revisions\/25869"}],"wp:featuredmedia":[{"embeddable":true,"href":"https:\/\/contraluzcucuta.co\/index.php?rest_route=\/wp\/v2\/media\/25868"}],"wp:attachment":[{"href":"https:\/\/contraluzcucuta.co\/index.php?rest_route=%2Fwp%2Fv2%2Fmedia&parent=25867"}],"wp:term":[{"taxonomy":"category","embeddable":true,"href":"https:\/\/contraluzcucuta.co\/index.php?rest_route=%2Fwp%2Fv2%2Fcategories&post=25867"},{"taxonomy":"post_tag","embeddable":true,"href":"https:\/\/contraluzcucuta.co\/index.php?rest_route=%2Fwp%2Fv2%2Ftags&post=25867"}],"curies":[{"name":"wp","href":"https:\/\/api.w.org\/{rel}","templated":true}]}}