{"id":25845,"date":"2016-01-31T17:59:51","date_gmt":"2016-01-31T22:59:51","guid":{"rendered":"http:\/\/contraluzcucuta.co\/?p=25845"},"modified":"2016-02-02T14:55:37","modified_gmt":"2016-02-02T19:55:37","slug":"necrologia-sara-de-jordan-puntal-en-la-radio","status":"publish","type":"post","link":"https:\/\/contraluzcucuta.co\/?p=25845","title":{"rendered":"NECROLOG\u00cdA. Sara de Jord\u00e1n, puntal en la radio"},"content":{"rendered":"<p>1.- La conoc\u00ed cuando en los comienzos de El Tribunal del Pueblo y por los a\u00f1os 60, de la pasada centuria, junto a Manuel Jord\u00e1n constitu\u00edan los pilares de la emisora La Voz del Norte. Despu\u00e9s, y con el trascurrir del tiempo, siempre supe de su entereza de car\u00e1cter y del fiel cumplimiento a\u00a0 los compromisos y las labores de permanente traj\u00edn, porque distinto a la radio en s\u00ed Sara de Jord\u00e1n fue empresaria y comerciante ansiosa de allegar las \u00faltimas novedades y los mejores aportes a la demanda femenina en la capital fronteriza.<\/p>\n<p>Sara de Jord\u00e1n ocup\u00f3 un papel en la radio cucute\u00f1a. Actuaba no desde la distancia, sino como fiel compa\u00f1era y atenta a todo aquello que fuera menester o necesario, como la vi actuar en la calle novena entre avenidas quinta y sexta, donde funcion\u00f3 la emisora o en la Avenida O entre calles 10 y 11, cuando los propietarios consideraron que era conveniente proceder a un nuevo giro en la vida.<\/p>\n<p>2.- Hoy, al conocer que su ciclo vital y humano ha llegado al punto de lo inexorable y habiendo cumplido con las tareas que en lo familiar constituyeron su esencia, por el fallecimiento del esposo y de la hija, en a\u00f1os distintos y por causas diferentes, quienes conocimos de su porte, inteligencia y visi\u00f3n de perspectivas la recordamos con afecto, acompa\u00f1ando a sus familiares y amigos, porque despedir a un ser querido es una demostraci\u00f3n de verdadero sentir\u00a0 y humana comprensi\u00f3n.<\/p>\n<p>3.- Que el recuento de su historia y la sabia determinaci\u00f3n de quien todo lo domina haya hallado en ella los atributos para una vida mejor y la destinaci\u00f3n hac\u00eda la comprensi\u00f3n y el cumplimiento de experiencias distintas, pero alentadoras y siempre de dimensi\u00f3n mayor, es el sincero deseo y esperanza de quienes conocimos de sus dotes como mujer trabajadora, excelente esposa, madre \u00edntegra y constante, as\u00ed\u00a0 como de compa\u00f1era y amiga, en lo que representa y significa hacer radio y llegar a la gente, tratando de acertar y cubrir lo necesario en medio de m\u00faltiples factores de complejo origen y referencia.<\/p>\n<p>Que Manuel Jord\u00e1n y Sara de Jord\u00e1n, con su hija, tengan\u00a0 regocijo en el cielo, porque su labor en la tierra est\u00e1 cumplida, es el sentir de quienes conocimos algunos de sus actos y pareceres, desde el diario captar, discernir\u00a0 y trajinar de la noticia hablada y oralmente presentada o discutida, en los momentos radiales de s\u00edntesis, sobre lo que sucede o acontece en el planeta.<\/p>\n<p><a href=\"mailto:jneirarey@hotmail.com\">jneirarey@hotmail.com<\/a><\/p>\n<p><strong>Foto: <\/strong><strong>es.gizmodo.com<\/strong><\/p>\n<p><strong>radio.uson.mx<\/strong> <\/p>\n","protected":false},"excerpt":{"rendered":"<p>1.- La conoc\u00ed cuando en los comienzos de El Tribunal del Pueblo y por los a\u00f1os 60, de la pasada centuria, junto a Manuel Jord\u00e1n constitu\u00edan los pilares de la emisora La Voz del Norte. Despu\u00e9s, y con el trascurrir del tiempo, siempre supe de su entereza de car\u00e1cter y del fiel cumplimiento a\u00a0 los &hellip;<\/p>\n","protected":false},"author":1,"featured_media":25846,"comment_status":"open","ping_status":"open","sticky":false,"template":"","format":"standard","meta":{"footnotes":""},"categories":[14,74,1967,9],"tags":[382,1948,956,2702],"class_list":["post-25845","post","type-post","status-publish","format-standard","has-post-thumbnail","hentry","category-articulistas","category-aula-universitaria","category-necrologias","category-politica","tag-jose-neira","tag-necrologias-cucutenas","tag-notas-al-margen","tag-sara-de-jordan"],"_links":{"self":[{"href":"https:\/\/contraluzcucuta.co\/index.php?rest_route=\/wp\/v2\/posts\/25845","targetHints":{"allow":["GET"]}}],"collection":[{"href":"https:\/\/contraluzcucuta.co\/index.php?rest_route=\/wp\/v2\/posts"}],"about":[{"href":"https:\/\/contraluzcucuta.co\/index.php?rest_route=\/wp\/v2\/types\/post"}],"author":[{"embeddable":true,"href":"https:\/\/contraluzcucuta.co\/index.php?rest_route=\/wp\/v2\/users\/1"}],"replies":[{"embeddable":true,"href":"https:\/\/contraluzcucuta.co\/index.php?rest_route=%2Fwp%2Fv2%2Fcomments&post=25845"}],"version-history":[{"count":1,"href":"https:\/\/contraluzcucuta.co\/index.php?rest_route=\/wp\/v2\/posts\/25845\/revisions"}],"predecessor-version":[{"id":25847,"href":"https:\/\/contraluzcucuta.co\/index.php?rest_route=\/wp\/v2\/posts\/25845\/revisions\/25847"}],"wp:featuredmedia":[{"embeddable":true,"href":"https:\/\/contraluzcucuta.co\/index.php?rest_route=\/wp\/v2\/media\/25846"}],"wp:attachment":[{"href":"https:\/\/contraluzcucuta.co\/index.php?rest_route=%2Fwp%2Fv2%2Fmedia&parent=25845"}],"wp:term":[{"taxonomy":"category","embeddable":true,"href":"https:\/\/contraluzcucuta.co\/index.php?rest_route=%2Fwp%2Fv2%2Fcategories&post=25845"},{"taxonomy":"post_tag","embeddable":true,"href":"https:\/\/contraluzcucuta.co\/index.php?rest_route=%2Fwp%2Fv2%2Ftags&post=25845"}],"curies":[{"name":"wp","href":"https:\/\/api.w.org\/{rel}","templated":true}]}}