{"id":25836,"date":"2016-01-31T16:38:09","date_gmt":"2016-01-31T21:38:09","guid":{"rendered":"http:\/\/contraluzcucuta.co\/?p=25836"},"modified":"2016-02-02T14:13:24","modified_gmt":"2016-02-02T19:13:24","slug":"medio-ambiente-el-rio-pamplonita-no-se-recupera-con-embalses","status":"publish","type":"post","link":"https:\/\/contraluzcucuta.co\/?p=25836","title":{"rendered":"MEDIO AMBIENTE. El r\u00edo Pamplonita no se recupera con embalses"},"content":{"rendered":"<p><strong>C\u00daCUTA.-<\/strong> El Fen\u00f3meno de El Ni\u00f1o y la cruda sequ\u00eda que ha provocado en Norte de Santander han hecho que muchos ojos volteen a mirar hacia el r\u00edo Pamplonita. Las autoridades ambientales, los gobiernos municipales y la empresa privada han manifestado inquietud y preocupaci\u00f3n por el bajo caudal de la principal fuente h\u00eddrica del departamento.<\/p>\n<p>La empresa Aseo Urbano, cada seis meses, adelanta una campa\u00f1a para retirar los objetivos inservibles arrojados al lecho del r\u00edo. La primera del a\u00f1o estaba prevista para marzo y debido a la emergencia por la falta de lluvias la adelant\u00f3 para febrero.<\/p>\n<p>En jornadas anteriores los operarios han sacado del lecho hasta 30 toneladas de vidrios, cauchos, pl\u00e1sticos, botellas, tela y muchos otros. Esos residuos son llevados al relleno sanitario Guayabal. Los habitantes de la calle y los recicladores menores dejan muchos elementos que no les sirven para el negocio y los tiran al agua.<\/p>\n<p>El <a href=\"https:\/\/es.wikipedia.org\/wiki\/R%C3%ADo_Pamplonita\">Pamplonita<\/a> nace a 3300 metros sobre el nivel del mar, en el cerro de Altogrande, en el p\u00e1ramo de Fontib\u00f3n, en cercan\u00edas de Pamplona. A la cuenca del r\u00edo pertenecen C\u00facuta, Pamplona, Los Patios, Chin\u00e1cota, Bochalema y Pamplonita, y los corregimientos El Diamante, La Don Juana, La Garita, San Faustino y Agua Clara. La cuenca se ubica sobre la Cordillera Oriental, extendi\u00e9ndose por el suroeste de Norte de Santander, desde Pamplona hasta Puerto Santander (1).<\/p>\n<p>En los \u00faltimos d\u00edas e ha advertido de la posibilidad de aplicar el racionamiento en el servicio de acueducto para C\u00facuta por la escasez de agua. Expertos han hablado de diversas soluciones para mejorar el caudal y evitar los cortes para los usuarios en la capital de Norte de Santander.<\/p>\n<p>\u00c1ngel Uriel Garc\u00eda, gerente de la empresa Aseo Urbano, dijo que la recuperaci\u00f3n del r\u00edo no se lograr\u00e1 con embalses, sino con la compra de \u00e1reas estrat\u00e9gicas que permitan tener reseras para \u00e9pocas de sequ\u00eda como la actual. \u201cEl r\u00edo hay que trabajarlo en varios sentidos, esperemos que con el cambio en Corponor se haga una planificaci\u00f3n h\u00eddrica\u201d, asegur\u00f3.<\/p>\n<p>Record\u00f3 que los estudios est\u00e1n hechos y que solo falta activar la parte operativa y entre la Gobernaci\u00f3n, las alcald\u00edas y Corponor comprar las \u00e1reas estrat\u00e9gicas donde nace el agua. \u201cEs lo m\u00e1s importante que se debe hacer, para que retenga el agua\u201d.<\/p>\n<p>El primer impacto ecol\u00f3gico negativo lo recibe al convertirse en receptor de aguas residuales de Pamplona. Empieza a perder la calidad del agua. Luego, al ser depositario de aguas descompuestas de Los Patios y de C\u00facuta, los vertimientos, los plaguicidas y los agroqu\u00edmicos (2).<\/p>\n<p>\u201cLas aguas residuales de C\u00facuta llegan al Pamplonita, porque no tenemos plantas de tratamiento y todo eso se suma para afectar al r\u00edo\u201d, anot\u00f3 \u00c1ngel Uriel Garc\u00eda. La falta de solidaridad queda evidenciada cuando se arrojan residuos al r\u00edo y a los ca\u00f1os p\u00fablicos.<\/p>\n<p>Otra preocupaci\u00f3n es que por la falta de caudal el agua forma pozos que se prestan para la cr\u00eda de zancudos trasmisores de enfermedades. En el 2014, los cucute\u00f1os fueron azotados por el Chikungu\u00f1a y ahora por el Zika.<\/p>\n<p>El retiro de los objetos inservibles lanzados al r\u00edo Pamplonita, \u00a0puede contribuir a la erradicaci\u00f3n del mosquito. La coordinaci\u00f3n de la campa\u00f1a liderada por Aseo Urbano ser\u00e1 con Corponor, Polic\u00eda Ambiental, Ej\u00e9rcito y Alcald\u00eda para hacer la limpieza lo m\u00e1s pronto posible.<\/p>\n<p>Los organizadores esperan la vinculaci\u00f3n de la ciudadan\u00eda para erradicar cualquier foco de contaminaci\u00f3n donde anida el mosquito. Cada semestre que se adelanta la jornada de limpieza se encuentran los mismos inservibles.<\/p>\n<p>\u201cUna vez al mes vamos a ciertos sectores a hacer campa\u00f1as. Tenemos la obligaci\u00f3n de recogerle a cada usuario hasta un metro c\u00fabico, sin costo. Al mes se recogen 2500 toneladas de escombros, podas y de inservibles\u201d, afirm\u00f3 el gerente de Aseo Urbano, \u00c1ngel Uriel Garc\u00eda.<\/p>\n<p><strong>RAFAEL ANTONIO PAB\u00d3N<\/strong><\/p>\n<p><a href=\"mailto:rafaelpabon58@hotmail.com\"><strong>rafaelpabon58@hotmail.com<\/strong><\/a><\/p>\n<p><strong>Foto: Archivo <\/strong><a href=\"http:\/\/www.contraluzcucuta.co\"><strong>www.contraluzcucuta.co<\/strong><\/a><\/p>\n<p>(1 y 2)\u00a0\u00a0 https:\/\/es.wikipedia.org\/wiki\/R%C3%ADo_Pamplonita<\/p>\n<p>&nbsp;<\/p>\n<p>&nbsp; <\/p>\n","protected":false},"excerpt":{"rendered":"<p>C\u00daCUTA.- El Fen\u00f3meno de El Ni\u00f1o y la cruda sequ\u00eda que ha provocado en Norte de Santander han hecho que muchos ojos volteen a mirar hacia el r\u00edo Pamplonita. Las autoridades ambientales, los gobiernos municipales y la empresa privada han manifestado inquietud y preocupaci\u00f3n por el bajo caudal de la principal fuente h\u00eddrica del departamento. &hellip;<\/p>\n","protected":false},"author":1,"featured_media":25837,"comment_status":"open","ping_status":"open","sticky":false,"template":"","format":"standard","meta":{"footnotes":""},"categories":[541,347,6],"tags":[2699,913,2700,560,40],"class_list":["post-25836","post","type-post","status-publish","format-standard","has-post-thumbnail","hentry","category-ciudad","category-medio-ambiente","category-ojo-avizor","tag-angel-uriel-garcia","tag-aseo-urbano","tag-campana-de-inservibles","tag-medio-ambiente-2","tag-rio-pamplonita"],"_links":{"self":[{"href":"https:\/\/contraluzcucuta.co\/index.php?rest_route=\/wp\/v2\/posts\/25836","targetHints":{"allow":["GET"]}}],"collection":[{"href":"https:\/\/contraluzcucuta.co\/index.php?rest_route=\/wp\/v2\/posts"}],"about":[{"href":"https:\/\/contraluzcucuta.co\/index.php?rest_route=\/wp\/v2\/types\/post"}],"author":[{"embeddable":true,"href":"https:\/\/contraluzcucuta.co\/index.php?rest_route=\/wp\/v2\/users\/1"}],"replies":[{"embeddable":true,"href":"https:\/\/contraluzcucuta.co\/index.php?rest_route=%2Fwp%2Fv2%2Fcomments&post=25836"}],"version-history":[{"count":1,"href":"https:\/\/contraluzcucuta.co\/index.php?rest_route=\/wp\/v2\/posts\/25836\/revisions"}],"predecessor-version":[{"id":25838,"href":"https:\/\/contraluzcucuta.co\/index.php?rest_route=\/wp\/v2\/posts\/25836\/revisions\/25838"}],"wp:featuredmedia":[{"embeddable":true,"href":"https:\/\/contraluzcucuta.co\/index.php?rest_route=\/wp\/v2\/media\/25837"}],"wp:attachment":[{"href":"https:\/\/contraluzcucuta.co\/index.php?rest_route=%2Fwp%2Fv2%2Fmedia&parent=25836"}],"wp:term":[{"taxonomy":"category","embeddable":true,"href":"https:\/\/contraluzcucuta.co\/index.php?rest_route=%2Fwp%2Fv2%2Fcategories&post=25836"},{"taxonomy":"post_tag","embeddable":true,"href":"https:\/\/contraluzcucuta.co\/index.php?rest_route=%2Fwp%2Fv2%2Ftags&post=25836"}],"curies":[{"name":"wp","href":"https:\/\/api.w.org\/{rel}","templated":true}]}}