{"id":25821,"date":"2016-01-28T16:04:27","date_gmt":"2016-01-28T21:04:27","guid":{"rendered":"http:\/\/contraluzcucuta.co\/?p=25821"},"modified":"2016-01-31T18:21:57","modified_gmt":"2016-01-31T23:21:57","slug":"posconflicto-el-catatumbo-podria-ser-una-de-las-zonas-de-desarme","status":"publish","type":"post","link":"https:\/\/contraluzcucuta.co\/?p=25821","title":{"rendered":"POSCONFLICTO. El Catatumbo podr\u00eda ser una de las zonas de desarme"},"content":{"rendered":"<p>&nbsp;<\/p>\n<p><strong>C\u00daCUTA.-<\/strong> Norte de Santander comienza a ganar protagonismo en el <a href=\"https:\/\/contraluzcucuta.co\/articulos\/marta-lucia-mora-no-tengo-paz-perdoneme-senora-el-iguano\/\">proceso de paz<\/a> que se adelanta con las Farc. Inicialmente, en El Catatumbo podr\u00eda instalarse una de las zonas de dejaci\u00f3n de armas, y un delegado del departamento participar\u00eda en la Mesa de Negociaci\u00f3n de La Habana. Las respuestas\u00a0 se conocer\u00e1n dentro de poco.<\/p>\n<p>Luis Fernando Ni\u00f1o, <a href=\"https:\/\/contraluzcucuta.co\/articulos\/secretaria-de-victimas-hablar-de-paz-no-es-facil-luis-fernando-nino\/\">secretario de v\u00edctimas del departamento<\/a>, particip\u00f3 en el Consejo Nacional de Paz, presidido por Sergio Jaramillo, y al que asisti\u00f3 el ministro de Justicia, Yesid Reyes. En la reuni\u00f3n \u00a0se abordaron tres puntos fundamentales:<\/p>\n<p>1.- Pedagog\u00eda para el proceso. Iniciar\u00e1 la implementaci\u00f3n de la pedagog\u00eda para el proceso de paz con el fin de preparar a los territorios para la votaci\u00f3n del plebiscito. El Comisionado es optimista de que el 23 de marzo se dar\u00e1 la firma del acuerdo entre el Gobierno y las Farc. \u201cHay que comenzar a preparar a la sociedad civil sobre cu\u00e1les fueron los pactos acordados en La Habana\u201d, dijo Ni\u00f1o.<\/p>\n<p>2.- Zonas de dejaci\u00f3n de las armas. El Alto Comisionado quiere que se resalte como positivo el espaldarazo de la ONU y el hecho que los 15 miembros del Concejo de Seguridad hayan votado a favor de la edificaci\u00f3n de la paz en Colombia. Las zonas van tendr\u00e1n una participaci\u00f3n tripartita compuesta por un delegado del Gobierno, otro de las Farc, sin armas, y un tercero de ONU y Celac.<\/p>\n<p>\u201cEstamos concretando que una de esas zonas quede en Norte de Santander, sobre todo en El Catatumbo\u201d, anunci\u00f3 Ni\u00f1o.<\/p>\n<p>3.- Posible viaje a La Habana. Iv\u00e1n M\u00e1rquez, negociador de las Farc, propuso que los miembros de la Mesa Nacional de Paz participen en La Habana, en marzo. La decisi\u00f3n se tomar\u00e1 el 23 de febrero. Norte de Santander podr\u00eda participar en la capital cubana, teniendo en cuenta \u00a0que el gobernador William Villamizar tiene voz y voto en el Consejo de Paz. El secretario de V\u00edctimas asistir\u00eda en calidad de invitado especial.<\/p>\n<p>\u201cNorte de Santander no est\u00e1 preparado para el posconflicto. Necesitamos divulgar el proceso para que la comunidad est\u00e9 lista y vote por el S\u00ed o por No del plebiscito. Estamos a la expectativa que el respaldo del pueblo sea favorable\u201d, dijo Luis Fernando Ni\u00f1o.<\/p>\n<p>Se espera que en El Catatumbo haya una zona de desarme, aunque eso todav\u00eda se est\u00e1 definiendo en La Habana. \u201cLas variables que hay es que solo deben tener personas de las Farc\u201d.<\/p>\n<p>Ni\u00f1o aprovech\u00f3 el momento de la reuni\u00f3n del Concejo Nacional de Paz para exponer otros asuntos puntuales de Norte de Santander. Exigi\u00f3, por intermedio del Comisionado, que se libere a Ram\u00f3n Cabrales, en poder del Eln,\u00a0 seg\u00fan las \u00faltimas pruebas de supervivencia.<\/p>\n<p><strong>Foto:\u00a0 mariateresabohorquezmartinez.blogspot.com<\/strong><\/p>\n<p>&nbsp;<\/p>\n<p>&nbsp; <\/p>\n","protected":false},"excerpt":{"rendered":"<p>&nbsp; C\u00daCUTA.- Norte de Santander comienza a ganar protagonismo en el proceso de paz que se adelanta con las Farc. Inicialmente, en El Catatumbo podr\u00eda instalarse una de las zonas de dejaci\u00f3n de armas, y un delegado del departamento participar\u00eda en la Mesa de Negociaci\u00f3n de La Habana. Las respuestas\u00a0 se conocer\u00e1n dentro de poco. &hellip;<\/p>\n","protected":false},"author":1,"featured_media":25822,"comment_status":"open","ping_status":"open","sticky":false,"template":"","format":"standard","meta":{"footnotes":""},"categories":[2630,5,32],"tags":[246,157,2683,2087,2682],"class_list":["post-25821","post","type-post","status-publish","format-standard","has-post-thumbnail","hentry","category-gobernacion","category-justicia-transicional","category-recorrido-por-la-region","tag-el-catatumbo","tag-justicia-transicional-2","tag-luis-fernando-nino","tag-proceso-de-paz-en-la-habana","tag-secretaria-de-victimas"],"_links":{"self":[{"href":"https:\/\/contraluzcucuta.co\/index.php?rest_route=\/wp\/v2\/posts\/25821","targetHints":{"allow":["GET"]}}],"collection":[{"href":"https:\/\/contraluzcucuta.co\/index.php?rest_route=\/wp\/v2\/posts"}],"about":[{"href":"https:\/\/contraluzcucuta.co\/index.php?rest_route=\/wp\/v2\/types\/post"}],"author":[{"embeddable":true,"href":"https:\/\/contraluzcucuta.co\/index.php?rest_route=\/wp\/v2\/users\/1"}],"replies":[{"embeddable":true,"href":"https:\/\/contraluzcucuta.co\/index.php?rest_route=%2Fwp%2Fv2%2Fcomments&post=25821"}],"version-history":[{"count":1,"href":"https:\/\/contraluzcucuta.co\/index.php?rest_route=\/wp\/v2\/posts\/25821\/revisions"}],"predecessor-version":[{"id":25823,"href":"https:\/\/contraluzcucuta.co\/index.php?rest_route=\/wp\/v2\/posts\/25821\/revisions\/25823"}],"wp:featuredmedia":[{"embeddable":true,"href":"https:\/\/contraluzcucuta.co\/index.php?rest_route=\/wp\/v2\/media\/25822"}],"wp:attachment":[{"href":"https:\/\/contraluzcucuta.co\/index.php?rest_route=%2Fwp%2Fv2%2Fmedia&parent=25821"}],"wp:term":[{"taxonomy":"category","embeddable":true,"href":"https:\/\/contraluzcucuta.co\/index.php?rest_route=%2Fwp%2Fv2%2Fcategories&post=25821"},{"taxonomy":"post_tag","embeddable":true,"href":"https:\/\/contraluzcucuta.co\/index.php?rest_route=%2Fwp%2Fv2%2Ftags&post=25821"}],"curies":[{"name":"wp","href":"https:\/\/api.w.org\/{rel}","templated":true}]}}