{"id":25819,"date":"2016-01-28T14:51:17","date_gmt":"2016-01-28T19:51:17","guid":{"rendered":"http:\/\/contraluzcucuta.co\/?p=25819"},"modified":"2016-01-31T18:05:35","modified_gmt":"2016-01-31T23:05:35","slug":"aula-universitaria-vannesa-ruiz-y-mateo-ramirez-prenominados-a-los-tv-y-novelas-2","status":"publish","type":"post","link":"https:\/\/contraluzcucuta.co\/?p=25819","title":{"rendered":"AULA UNIVERSITARIA. Vannesa Ruiz y Mateo Ram\u00edrez, prenominados a los TV y Novelas"},"content":{"rendered":"<p><a href=\"https:\/\/contraluzcucuta.co\/articulos\/la-bebe-de-norvision\/\">Vanessa Ruiz<\/a> y Mateo Ram\u00edrez, aparecen en la lista de prenominados en los premios TV y Novelas. Los egresados del programa de Comunicaci\u00f3n Social de la extensi\u00f3n de Villa del Rosario compiten en la categor\u00eda \u2018Mejor presentador de televisi\u00f3n regional\u2019. El trabajo lo cumplen \u00a0en los canales TRO y Tr3ce.<\/p>\n<p>En el 2014, Vanessa estuvo en el grupo de los cinco nominados, \u00a0se desempe\u00f1a como presentadora del magazine \u2018El Caf\u00e9 de la Ma\u00f1ana\u2019, del Canal TRO. Ha sido una mujer inquieta por el mundo de la televisi\u00f3n, incluso antes de ingresar a formarse como comunicadora social en la Universidad de Pamplona.<\/p>\n<p>Antes de comenzar estudios de pregrado particip\u00f3 en canales locales. Mientras hac\u00eda la pr\u00e1ctica profesional se vincul\u00f3 con la productora del TRO en C\u00facuta. Despu\u00e9s de graduada \u00a0contrat\u00f3 directamente con el canal y se traslad\u00f3 a Bucaramanga. \u201cAc\u00e1 estoy, creciendo cada vez. Ha sido una experiencia enriquecedora pues estar en la pantalla regional todos los d\u00edas en un magazine hace que tenga contacto directo con las personas\u201d.<\/p>\n<p>Respecto a la prenominaci\u00f3n que tiene en este momento dijo sentirse feliz y orgullosa porque la revista de presencia nacional reconozca el talento nortesantandereano. \u201cProfesionalmente, me siento satisfecha que todos los esfuerzos se vean plasmados a este nivel. Con esa nominaci\u00f3n se da a entender que se est\u00e1n haciendo las cosas con amor, esfuerzo y pasi\u00f3n\u201d.<\/p>\n<p>Mateo Ram\u00edrez durante su carrera se ha desempe\u00f1ado en medios locales, regionales y nacionales. Recibe la prenominaci\u00f3n por el trabajo en el programa \u2018El Gran Fan\u2019, del Canal Tr3ce. Esta etapa de los premios es re\u00f1ida, porque son los mejores presentadores de cada canal de la televisi\u00f3n p\u00fablica los postulados. El n\u00famero es grande y quedar\u00e1 reducido a cinco como favoritos.<\/p>\n<p>\u201cEn los dos a\u00f1os anteriores estuve nominado como mejor presentador y el a\u00f1o pasado como mejor programa. Entrar a las posibilidades de una nominaci\u00f3n me llena de alegr\u00eda, porque es el p\u00fablico el que elige a los favoritos. Definitivamente, se convierte en un logro personal y profesional. Son casi 13 a\u00f1os apost\u00e1ndole a la presentaci\u00f3n en televisi\u00f3n\u201d.<\/p>\n<p>Celebr\u00f3 el haberse formado en la Universidad de Pamplona, obtener las bases que le han sido de gran utilidad para el desempe\u00f1o laboral y conocer a docentes que lo motivaron a seguir adelante con sus sue\u00f1os.<\/p>\n<p>\u201cTodas las materias relacionadas con medios fueron un arma vital para m\u00ed. Radio, televisi\u00f3n, cine, prensa, fotograf\u00eda, comunicaci\u00f3n corporativa y redacci\u00f3n, de cada una he podido extraer ense\u00f1anzas que emp\u00edricamente jam\u00e1s podr\u00eda haber conocido\u201d.<\/p>\n<p><strong>Foto: PRENSA UNIPAMPLONA<\/strong><\/p>\n<p>&nbsp; <\/p>\n","protected":false},"excerpt":{"rendered":"<p>Vanessa Ruiz y Mateo Ram\u00edrez, aparecen en la lista de prenominados en los premios TV y Novelas. Los egresados del programa de Comunicaci\u00f3n Social de la extensi\u00f3n de Villa del Rosario compiten en la categor\u00eda \u2018Mejor presentador de televisi\u00f3n regional\u2019. El trabajo lo cumplen \u00a0en los canales TRO y Tr3ce. En el 2014, Vanessa estuvo &hellip;<\/p>\n","protected":false},"author":1,"featured_media":25817,"comment_status":"open","ping_status":"open","sticky":false,"template":"","format":"standard","meta":{"footnotes":""},"categories":[74,9],"tags":[2597,2697,2695,719,161,2696],"class_list":["post-25819","post","type-post","status-publish","format-standard","has-post-thumbnail","hentry","category-aula-universitaria","category-politica","tag-aula-universitaria","tag-mateo-ramirez","tag-premios-tv-y-novelas","tag-unipamplona","tag-universidad-de-pamplona","tag-vanessa-ruiz"],"_links":{"self":[{"href":"https:\/\/contraluzcucuta.co\/index.php?rest_route=\/wp\/v2\/posts\/25819","targetHints":{"allow":["GET"]}}],"collection":[{"href":"https:\/\/contraluzcucuta.co\/index.php?rest_route=\/wp\/v2\/posts"}],"about":[{"href":"https:\/\/contraluzcucuta.co\/index.php?rest_route=\/wp\/v2\/types\/post"}],"author":[{"embeddable":true,"href":"https:\/\/contraluzcucuta.co\/index.php?rest_route=\/wp\/v2\/users\/1"}],"replies":[{"embeddable":true,"href":"https:\/\/contraluzcucuta.co\/index.php?rest_route=%2Fwp%2Fv2%2Fcomments&post=25819"}],"version-history":[{"count":1,"href":"https:\/\/contraluzcucuta.co\/index.php?rest_route=\/wp\/v2\/posts\/25819\/revisions"}],"predecessor-version":[{"id":25820,"href":"https:\/\/contraluzcucuta.co\/index.php?rest_route=\/wp\/v2\/posts\/25819\/revisions\/25820"}],"wp:featuredmedia":[{"embeddable":true,"href":"https:\/\/contraluzcucuta.co\/index.php?rest_route=\/wp\/v2\/media\/25817"}],"wp:attachment":[{"href":"https:\/\/contraluzcucuta.co\/index.php?rest_route=%2Fwp%2Fv2%2Fmedia&parent=25819"}],"wp:term":[{"taxonomy":"category","embeddable":true,"href":"https:\/\/contraluzcucuta.co\/index.php?rest_route=%2Fwp%2Fv2%2Fcategories&post=25819"},{"taxonomy":"post_tag","embeddable":true,"href":"https:\/\/contraluzcucuta.co\/index.php?rest_route=%2Fwp%2Fv2%2Ftags&post=25819"}],"curies":[{"name":"wp","href":"https:\/\/api.w.org\/{rel}","templated":true}]}}